{"id":52,"name":"Thomas Maas","url":"","description":"Thomas Maas ist seit 2011 Gesch\u00e4ftsf\u00fchrer von freelancermap. Als CEO der gr\u00f6\u00dften Plattform f\u00fcr Freelancer im deutschsprachigen Raum und Stimme der Branche setzt er sich daf\u00fcr ein, dass Freelancing als R\u00fcckgrat der Arbeitswelt von morgen endlich den verdienten gesellschaftlichen Stellenwert erh\u00e4lt. Mit dem j\u00e4hrlichen Freelancer-Kompass, der umfassendsten Studie zur Situation und den Trends im Freelancing, bringt er die Herausforderungen und Chancen der Branche ins Rampenlicht. Und als Co-Initiator der Freelance Unlocked, der gr\u00f6\u00dften Konferenz \u202ff\u00fcr Freelancer und Solopreneure in Europa, setzt er einen weiteren Baustein f\u00fcr die Arbeitswelt von morgen.","link":"https:\/\/www.freelancermap.ch\/blog\/author\/thomas-maas\/","slug":"thomas-maas","meta":[],"acf":[],"yoast_head":"<!-- This site is optimized with the Yoast SEO plugin v26.7 - https:\/\/yoast.com\/wordpress\/plugins\/seo\/ -->\n<title>Thomas Maas, Autor bei Freelancer Blog<\/title>\n<meta name=\"description\" content=\"Thomas Maas ist seit 2011 Gesch\u00e4ftsf\u00fchrer von freelancermap. Als CEO der gr\u00f6\u00dften Plattform f\u00fcr Freelancer im deutschsprachigen Raum und Stimme der Branche setzt er sich daf\u00fcr ein, dass Freelancing als R\u00fcckgrat der Arbeitswelt von morgen endlich den verdienten gesellschaftlichen Stellenwert erh\u00e4lt. Mit dem j\u00e4hrlichen Freelancer-Kompass, der umfassendsten Studie zur Situation und den Trends im Freelancing, bringt er die Herausforderungen und Chancen der Branche ins Rampenlicht. Und als Co-Initiator der Freelance Unlocked, der gr\u00f6\u00dften Konferenz \u202ff\u00fcr Freelancer und Solopreneure in Europa, setzt er einen weiteren Baustein f\u00fcr die Arbeitswelt von morgen.\" \/>\n<meta name=\"robots\" content=\"index, follow, max-snippet:-1, max-image-preview:large, max-video-preview:-1\" \/>\n<link rel=\"canonical\" href=\"https:\/\/www.freelancermap.de\/blog\/author\/thomas-maas\/\" \/>\n<meta property=\"og:locale\" content=\"de_DE\" \/>\n<meta property=\"og:type\" content=\"profile\" \/>\n<meta property=\"og:title\" content=\"Thomas Maas, Autor bei Freelancer Blog\" \/>\n<meta property=\"og:description\" content=\"Thomas Maas ist seit 2011 Gesch\u00e4ftsf\u00fchrer von freelancermap. Als CEO der gr\u00f6\u00dften Plattform f\u00fcr Freelancer im deutschsprachigen Raum und Stimme der Branche setzt er sich daf\u00fcr ein, dass Freelancing als R\u00fcckgrat der Arbeitswelt von morgen endlich den verdienten gesellschaftlichen Stellenwert erh\u00e4lt. Mit dem j\u00e4hrlichen Freelancer-Kompass, der umfassendsten Studie zur Situation und den Trends im Freelancing, bringt er die Herausforderungen und Chancen der Branche ins Rampenlicht. Und als Co-Initiator der Freelance Unlocked, der gr\u00f6\u00dften Konferenz \u202ff\u00fcr Freelancer und Solopreneure in Europa, setzt er einen weiteren Baustein f\u00fcr die Arbeitswelt von morgen.\" \/>\n<meta property=\"og:url\" content=\"https:\/\/www.freelancermap.de\/blog\/author\/thomas-maas\/\" \/>\n<meta property=\"og:site_name\" content=\"Freelancer Blog\" \/>\n<meta property=\"og:image\" content=\"https:\/\/secure.gravatar.com\/avatar\/dfdadc1beef8bc2e5b61213eba4635a20710fcd5f4d47bf923c3883cb5b5cc8a?s=500&d=mm&r=g\" \/>\n<meta name=\"twitter:card\" content=\"summary_large_image\" \/>\n<script type=\"application\/ld+json\" class=\"yoast-schema-graph\">{\"@context\":\"https:\/\/schema.org\",\"@graph\":[{\"@type\":\"ProfilePage\",\"@id\":\"https:\/\/www.freelancermap.de\/blog\/author\/thomas-maas\/\",\"url\":\"https:\/\/www.freelancermap.de\/blog\/author\/thomas-maas\/\",\"name\":\"Thomas Maas, Autor bei Freelancer Blog\",\"isPartOf\":{\"@id\":\"https:\/\/www.freelancermap.de\/blog\/#website\"},\"description\":\"Thomas Maas ist seit 2011 Gesch\u00e4ftsf\u00fchrer von freelancermap. Als CEO der gr\u00f6\u00dften Plattform f\u00fcr Freelancer im deutschsprachigen Raum und Stimme der Branche setzt er sich daf\u00fcr ein, dass Freelancing als R\u00fcckgrat der Arbeitswelt von morgen endlich den verdienten gesellschaftlichen Stellenwert erh\u00e4lt. Mit dem j\u00e4hrlichen Freelancer-Kompass, der umfassendsten Studie zur Situation und den Trends im Freelancing, bringt er die Herausforderungen und Chancen der Branche ins Rampenlicht. Und als Co-Initiator der Freelance Unlocked, der gr\u00f6\u00dften Konferenz \u202ff\u00fcr Freelancer und Solopreneure in Europa, setzt er einen weiteren Baustein f\u00fcr die Arbeitswelt von morgen.\",\"breadcrumb\":{\"@id\":\"https:\/\/www.freelancermap.de\/blog\/author\/thomas-maas\/#breadcrumb\"},\"inLanguage\":\"de\",\"potentialAction\":[{\"@type\":\"ReadAction\",\"target\":[\"https:\/\/www.freelancermap.de\/blog\/author\/thomas-maas\/\"]}]},{\"@type\":\"BreadcrumbList\",\"@id\":\"https:\/\/www.freelancermap.de\/blog\/author\/thomas-maas\/#breadcrumb\",\"itemListElement\":[{\"@type\":\"ListItem\",\"position\":1,\"name\":\"Home\",\"item\":\"https:\/\/www.freelancermap.at\/blog\/\"},{\"@type\":\"ListItem\",\"position\":2,\"name\":\"Archiv zu Thomas Maas\"}]},{\"@type\":\"WebSite\",\"@id\":\"https:\/\/www.freelancermap.de\/blog\/#website\",\"url\":\"https:\/\/www.freelancermap.de\/blog\/\",\"name\":\"Freelancer Blog\",\"description\":\"Trends, Ratgeber &amp; Fakten f\u00fcr Freelancer und Auftraggeber\",\"potentialAction\":[{\"@type\":\"SearchAction\",\"target\":{\"@type\":\"EntryPoint\",\"urlTemplate\":\"https:\/\/www.freelancermap.de\/blog\/?s={search_term_string}\"},\"query-input\":{\"@type\":\"PropertyValueSpecification\",\"valueRequired\":true,\"valueName\":\"search_term_string\"}}],\"inLanguage\":\"de\"},{\"@type\":\"Person\",\"@id\":\"https:\/\/www.freelancermap.de\/blog\/#\/schema\/person\/15901b9f0329415ff8e25103fd168dd4\",\"name\":\"Thomas Maas\",\"description\":\"Thomas Maas ist seit 2011 Gesch\u00e4ftsf\u00fchrer von freelancermap. Als CEO der gr\u00f6\u00dften Plattform f\u00fcr Freelancer im deutschsprachigen Raum und Stimme der Branche setzt er sich daf\u00fcr ein, dass Freelancing als R\u00fcckgrat der Arbeitswelt von morgen endlich den verdienten gesellschaftlichen Stellenwert erh\u00e4lt. Mit dem j\u00e4hrlichen Freelancer-Kompass, der umfassendsten Studie zur Situation und den Trends im Freelancing, bringt er die Herausforderungen und Chancen der Branche ins Rampenlicht. Und als Co-Initiator der Freelance Unlocked, der gr\u00f6\u00dften Konferenz \u202ff\u00fcr Freelancer und Solopreneure in Europa, setzt er einen weiteren Baustein f\u00fcr die Arbeitswelt von morgen.\",\"sameAs\":[\"https:\/\/www.linkedin.com\/in\/maas-thomas\/\"],\"mainEntityOfPage\":{\"@id\":\"https:\/\/www.freelancermap.de\/blog\/author\/thomas-maas\/\"}}]}<\/script>\n<!-- \/ Yoast SEO plugin. -->","yoast_head_json":{"title":"Thomas Maas, Autor bei Freelancer Blog","description":"Thomas Maas ist seit 2011 Gesch\u00e4ftsf\u00fchrer von freelancermap. Als CEO der gr\u00f6\u00dften Plattform f\u00fcr Freelancer im deutschsprachigen Raum und Stimme der Branche setzt er sich daf\u00fcr ein, dass Freelancing als R\u00fcckgrat der Arbeitswelt von morgen endlich den verdienten gesellschaftlichen Stellenwert erh\u00e4lt. Mit dem j\u00e4hrlichen Freelancer-Kompass, der umfassendsten Studie zur Situation und den Trends im Freelancing, bringt er die Herausforderungen und Chancen der Branche ins Rampenlicht. Und als Co-Initiator der Freelance Unlocked, der gr\u00f6\u00dften Konferenz \u202ff\u00fcr Freelancer und Solopreneure in Europa, setzt er einen weiteren Baustein f\u00fcr die Arbeitswelt von morgen.","robots":{"index":"index","follow":"follow","max-snippet":"max-snippet:-1","max-image-preview":"max-image-preview:large","max-video-preview":"max-video-preview:-1"},"canonical":"https:\/\/www.freelancermap.de\/blog\/author\/thomas-maas\/","og_locale":"de_DE","og_type":"profile","og_title":"Thomas Maas, Autor bei Freelancer Blog","og_description":"Thomas Maas ist seit 2011 Gesch\u00e4ftsf\u00fchrer von freelancermap. Als CEO der gr\u00f6\u00dften Plattform f\u00fcr Freelancer im deutschsprachigen Raum und Stimme der Branche setzt er sich daf\u00fcr ein, dass Freelancing als R\u00fcckgrat der Arbeitswelt von morgen endlich den verdienten gesellschaftlichen Stellenwert erh\u00e4lt. Mit dem j\u00e4hrlichen Freelancer-Kompass, der umfassendsten Studie zur Situation und den Trends im Freelancing, bringt er die Herausforderungen und Chancen der Branche ins Rampenlicht. Und als Co-Initiator der Freelance Unlocked, der gr\u00f6\u00dften Konferenz \u202ff\u00fcr Freelancer und Solopreneure in Europa, setzt er einen weiteren Baustein f\u00fcr die Arbeitswelt von morgen.","og_url":"https:\/\/www.freelancermap.de\/blog\/author\/thomas-maas\/","og_site_name":"Freelancer Blog","og_image":[{"url":"https:\/\/secure.gravatar.com\/avatar\/dfdadc1beef8bc2e5b61213eba4635a20710fcd5f4d47bf923c3883cb5b5cc8a?s=500&d=mm&r=g","type":"","width":"","height":""}],"twitter_card":"summary_large_image","schema":{"@context":"https:\/\/schema.org","@graph":[{"@type":"ProfilePage","@id":"https:\/\/www.freelancermap.de\/blog\/author\/thomas-maas\/","url":"https:\/\/www.freelancermap.de\/blog\/author\/thomas-maas\/","name":"Thomas Maas, Autor bei Freelancer Blog","isPartOf":{"@id":"https:\/\/www.freelancermap.de\/blog\/#website"},"description":"Thomas Maas ist seit 2011 Gesch\u00e4ftsf\u00fchrer von freelancermap. Als CEO der gr\u00f6\u00dften Plattform f\u00fcr Freelancer im deutschsprachigen Raum und Stimme der Branche setzt er sich daf\u00fcr ein, dass Freelancing als R\u00fcckgrat der Arbeitswelt von morgen endlich den verdienten gesellschaftlichen Stellenwert erh\u00e4lt. Mit dem j\u00e4hrlichen Freelancer-Kompass, der umfassendsten Studie zur Situation und den Trends im Freelancing, bringt er die Herausforderungen und Chancen der Branche ins Rampenlicht. Und als Co-Initiator der Freelance Unlocked, der gr\u00f6\u00dften Konferenz \u202ff\u00fcr Freelancer und Solopreneure in Europa, setzt er einen weiteren Baustein f\u00fcr die Arbeitswelt von morgen.","breadcrumb":{"@id":"https:\/\/www.freelancermap.de\/blog\/author\/thomas-maas\/#breadcrumb"},"inLanguage":"de","potentialAction":[{"@type":"ReadAction","target":["https:\/\/www.freelancermap.de\/blog\/author\/thomas-maas\/"]}]},{"@type":"BreadcrumbList","@id":"https:\/\/www.freelancermap.de\/blog\/author\/thomas-maas\/#breadcrumb","itemListElement":[{"@type":"ListItem","position":1,"name":"Home","item":"https:\/\/www.freelancermap.at\/blog\/"},{"@type":"ListItem","position":2,"name":"Archiv zu Thomas Maas"}]},{"@type":"WebSite","@id":"https:\/\/www.freelancermap.de\/blog\/#website","url":"https:\/\/www.freelancermap.de\/blog\/","name":"Freelancer Blog","description":"Trends, Ratgeber &amp; Fakten f\u00fcr Freelancer und Auftraggeber","potentialAction":[{"@type":"SearchAction","target":{"@type":"EntryPoint","urlTemplate":"https:\/\/www.freelancermap.de\/blog\/?s={search_term_string}"},"query-input":{"@type":"PropertyValueSpecification","valueRequired":true,"valueName":"search_term_string"}}],"inLanguage":"de"},{"@type":"Person","@id":"https:\/\/www.freelancermap.de\/blog\/#\/schema\/person\/15901b9f0329415ff8e25103fd168dd4","name":"Thomas Maas","description":"Thomas Maas ist seit 2011 Gesch\u00e4ftsf\u00fchrer von freelancermap. Als CEO der gr\u00f6\u00dften Plattform f\u00fcr Freelancer im deutschsprachigen Raum und Stimme der Branche setzt er sich daf\u00fcr ein, dass Freelancing als R\u00fcckgrat der Arbeitswelt von morgen endlich den verdienten gesellschaftlichen Stellenwert erh\u00e4lt. Mit dem j\u00e4hrlichen Freelancer-Kompass, der umfassendsten Studie zur Situation und den Trends im Freelancing, bringt er die Herausforderungen und Chancen der Branche ins Rampenlicht. Und als Co-Initiator der Freelance Unlocked, der gr\u00f6\u00dften Konferenz \u202ff\u00fcr Freelancer und Solopreneure in Europa, setzt er einen weiteren Baustein f\u00fcr die Arbeitswelt von morgen.","sameAs":["https:\/\/www.linkedin.com\/in\/maas-thomas\/"],"mainEntityOfPage":{"@id":"https:\/\/www.freelancermap.de\/blog\/author\/thomas-maas\/"}}]}},"kb":{"avatar":"https:\/\/secure.gravatar.com\/avatar\/?s=300&d=mm&r=g","registered":"1. January 1970"},"_links":{"self":[{"href":"https:\/\/www.freelancermap.ch\/blog\/wp-json\/wp\/v2\/users\/52","targetHints":{"allow":["GET"]}}],"collection":[{"href":"https:\/\/www.freelancermap.ch\/blog\/wp-json\/wp\/v2\/users"}]}}