{"id":71016,"date":"2026-04-20T10:08:46","date_gmt":"2026-04-20T08:08:46","guid":{"rendered":"https:\/\/www.freelancermap.de\/blog\/?p=71016"},"modified":"2026-04-20T11:59:46","modified_gmt":"2026-04-20T09:59:46","slug":"die-neue-selbstandigkeit","status":"publish","type":"post","link":"https:\/\/www.freelancermap.ch\/blog\/die-neue-selbstandigkeit\/","title":{"rendered":"Die &#8222;Neue Selbst\u00e4ndigkeit&#8220;: Mehr Rechtssicherheit oder neue Belastung f\u00fcr Freelancer?"},"content":{"rendered":"\n<p>Die geplante \u201eNeue Selbst\u00e4ndigkeit\u201c soll endlich mehr Rechtssicherheit f\u00fcr Freelancer und Auftraggeber schaffen. Doch der aktuelle Entwurf des BMAS wirft neue Fragen auf: Wird Scheinselbst\u00e4ndigkeit wirklich entsch\u00e4rft oder entsteht ein System, in dem Rechtssicherheit k\u00fcnftig an zus\u00e4tzliche Rentenbeitr\u00e4ge gekoppelt ist? Der Artikel beleuchtet, was hinter dem Reformmodell steckt, welche Chancen es bietet und warum viele Selbst\u00e4ndige dennoch skeptisch bleiben.<\/p>\n\n\n\n<!--more-->\n\n\n\n<p>Selbst\u00e4ndige und ihre Auftraggeber leiden seit Jahren unter dem <strong>strukturellen Problem der fehlenden Rechtssicherheit. <\/strong>Das Statusfeststellungsverfahren gilt als langsam, schwer nachvollziehbar und in seiner Auslegung oft unberechenbar. F\u00fcr viele h\u00e4ngt das gesamte Gesch\u00e4ftsmodell am sprichw\u00f6rtlichen Damoklesschwert der Scheinselbst\u00e4ndigkeit. Projekte werden kurzfristig abgesagt, Auftr\u00e4ge ins Ausland verlagert oder Kooperationen gar nicht erst eingegangen.<\/p>\n\n\n\n<p>Nun will das <strong>Bundesministerium f\u00fcr Arbeit und Soziales (BMAS)<\/strong> mit der \u201eNeuen Selbst\u00e4ndigkeit\u201c eine L\u00f6sung schaffen. Der Gedanke ist berechtigt: Wer jahrelang unter einem dysfunktionalen System leidet, verdient eine echte Reform. Doch der vorliegende Entwurf <strong>wirft eine grundlegende Frage auf<\/strong>: Schafft der Staat endlich Rechtssicherheit f\u00fcr alle \u2013 oder nur einen neuen Sonderstatus f\u00fcr diejenigen, die ihn sich leisten k\u00f6nnen?<\/p>\n\n\n\n<h2 class=\"wp-block-heading\">Das Problem Scheinselbst\u00e4ndigkeit<\/h2>\n\n\n\n<p>Die Reform ist vor allem eine Reaktion auf ein Problem, das die Branche seit Jahren begleitet. Laut <a href=\"\/freelancer-kompass\">Freelancer-Kompass 2026<\/a> hat jeder f\u00fcnfte Freelancer bereits erlebt, dass ein Projekt wegen Scheinselbst\u00e4ndigkeitsrisiken nicht zustande kam. <strong>\u00dcber 60 % der Selbst\u00e4ndigen<\/strong> sehen beim Thema <a href=\"\/blog\/fragen-antworten-webinar-scheinselbststaendigkeit\/\">Scheinselbst\u00e4ndigkeit<\/a> die <strong>gr\u00f6\u00dften rechtlichen Defizite<\/strong> im Umgang mit Freelancern.<\/p>\n\n\n\n<p>Das deckt sich mit dem, was in der Praxis seit Jahren zu beobachten ist: Unternehmen vermeiden Risiken, Vertr\u00e4ge werden vorsichtshalber gestrichen, Fachkr\u00e4fte folgen ihren Projekten ins Ausland.<\/p>\n\n\n\n<p>Hinzu kommt ein Punkt, der in politischen Diskussionen selten offen angesprochen wird: Selbst wenn eine T\u00e4tigkeit faktisch selbst\u00e4ndig ist, kann sie im Nachhinein anders bewertet werden \u2013 mit teils erheblichen <strong>finanziellen Konsequenzen<\/strong>.<\/p>\n\n\n\n<p>R\u00fcckwirkende Einstufungen k\u00f6nnen bedeuten, dass Sozialversicherungsbeitr\u00e4ge f\u00fcr vergangene Jahre <strong>nachgezahlt<\/strong> werden m\u00fcssen, ohne dass ein realer Gegenwert entsteht. Etwa, weil die Anspruchsfristen bei der <a href=\"\/blog\/freiwillige_arbeitslosenversicherung\/\">Arbeitslosenversicherung<\/a> l\u00e4ngst verfallen sind. Das ist keine Randerscheinung, sondern strukturelles Versagen.<\/p>\n\n\n\n<p>Das Problem ist real und betrifft viele Selbst\u00e4ndige. Aber ist die \u201eNeue Selbst\u00e4ndigkeit\u201c tats\u00e4chlich die richtige Antwort?<\/p>\n\n\n\n<div style=\"position: relative; max-width: 700px; width: 100%; margin: 0; border-radius: 18px; overflow: hidden;\">\n  <video\n    autoplay\n    loop\n    muted\n    playsinline\n    preload=\"auto\"\n    style=\"display: block; width: 100%; height: auto; border-radius: 18px;\"\n  >\n    <source src=\"\/blog\/wp-content\/uploads\/2026\/04\/blog-cta-freelancer.mp4\" type=\"video\/mp4\">\n  <\/video>\n\n  <a\n    href=\"\/registrieren?ref=blog-55544\"\n    target=\"_blank\"\n    rel=\"noopener noreferrer\"\n    aria-label=\"Jetzt kostenlos registrieren\"\n    style=\"position: absolute; inset: 0; z-index: 10; border-radius: 18px;\"\n  ><\/a>\n<\/div>\n\n\n\n<h2 class=\"wp-block-heading\">Was bedeutet die \u201eNeue Selbst\u00e4ndigkeit\u201c konkret?<\/h2>\n\n\n\n<p>Die \u201eNeue Selbst\u00e4ndigkeit\u201c soll als eigener Tatbestand in <strong>\u00a7 7 Abs. 5 SGB IV<\/strong> eingef\u00fchrt werden: Selbst\u00e4ndige sollen k\u00fcnftig zwischen dem bisherigen Status \u2013 inklusive Statusfeststellungsverfahren \u2013 und einer \u201eNeuen Selbst\u00e4ndigkeit\u201c mit <strong>neu definierten Kriterien<\/strong> w\u00e4hlen k\u00f6nnen.  <\/p>\n\n\n\n<p>Der entscheidende Haken: Wer sich f\u00fcr den neuen Rechtsrahmen entscheidet, zahlt auf <strong>90 % seiner Ums\u00e4tze <\/strong>aus einem Auftragsverh\u00e4ltnis, f\u00fcr das die \u201eNeue Selbst\u00e4ndigkeit\u201c in Anspruch genommen wird, <strong>Beitr\u00e4ge in die gesetzliche <a href=\"\/blog\/freelancer-und-die-rentenversicherung\/\">Rentenversicherung<\/a><\/strong>. Und das allein &#8211; das hei\u00dft, der Beitrag wird <strong>nicht<\/strong> wie bei Arbeitnehmern jeweils zur H\u00e4lfte von beiden Seiten getragen.<\/p>\n\n\n\n<figure class=\"wp-block-image size-full\"><img decoding=\"async\" width=\"1600\" height=\"893\" src=\"https:\/\/img-cdn.freelancermap.de\/blog\/dach\/neue-selbststaendigkeit-wissenswertes.png\" alt=\"Das ist die &quot;Neue Selbstst\u00e4ndigkeit&quot;\" class=\"wp-image-71085\"\/><figcaption class=\"wp-element-caption\">Was k\u00f6nnen sich Freelancer unter der &#8222;Neuen Selbstst\u00e4ndigkeit&#8220; vorstellen?<\/figcaption><\/figure>\n\n\n\n<h3 class=\"wp-block-heading\">Neue Selbstst\u00e4ndigkeit soll Zusammenarbeit rechtssicherer machen &#8211; aber zu welchem Preis?<\/h3>\n\n\n\n<p>Im Gegenzug soll die Frage, ob das betroffene Auftragsverh\u00e4ltnis im Rahmen einer selbst\u00e4ndigen T\u00e4tigkeit erfolgt, nach besonderen Kriterien beurteilt werden, das hei\u00dft gerade nicht nach den gefahrgeneigten Kriterien der organisatorischen Eingliederung und der Weisungsgebundenheit. <\/p>\n\n\n\n<p>Die Zusammenarbeit mit Auftraggebern soll so rechtssicherer werden und die Grauzone zwischen Selbst\u00e4ndigkeit und abh\u00e4ngiger Besch\u00e4ftigung schrumpfen. Das klingt zun\u00e4chst attraktiv. <\/p>\n\n\n\n<p>Genau hier liegt der <strong>Knackpunkt<\/strong> der eigentlichen Debatte: Es geht nicht mehr nur um die Frage, wann eine T\u00e4tigkeit als selbst\u00e4ndig gilt. Es geht darum, ob der Staat Rechtssicherheit k\u00fcnftig an eine Beitragspflicht koppeln will \u2013 und <strong>damit k\u00e4uflich macht<\/strong>.<\/p>\n\n\n\n<h3 class=\"wp-block-heading\">Wer ist betroffen?<\/h3>\n\n\n\n<p>Der Entwurf richtet sich unter anderem insbesondere an:<\/p>\n\n\n\n<ul class=\"wp-block-list\">\n<li>IT-Freelancer und projektbasierte Dienstleister<\/li>\n\n\n\n<li>Berater und <a href=\"\/blog\/was-macht-ein-interim-manager\/\">Interim Manager<\/a><\/li>\n\n\n\n<li>Trainer, <a href=\"\/blog\/coaching\/\">Coaches<\/a>, Lehrkr\u00e4fte und Wissensarbeiter allgemein<\/li>\n<\/ul>\n\n\n\n<h3 class=\"wp-block-heading\">Wer ist nicht betroffen?<\/h3>\n\n\n\n<p>Ausgenommen bleiben Branchen, die in \u00a7 2a Abs. 1 <strong>Schwarzarbeitsbek\u00e4mpfungsgesetz<\/strong> genannt sind: Bau, Hotels und Gastst\u00e4tten, Lieferdienste, Lastwagenfahrer, Reinigungskr\u00e4fte und das Fleischerhandwerk. Das ist nicht unwichtig und gleichzeitig problematisch. <\/p>\n\n\n\n<p>Denn diese Differenzierung schafft von Beginn an eine <strong>Zweiklassenlogik<\/strong>: Die einen erhalten Zugang zu Rechtssicherheit (gegen Aufpreis), die anderen werden weiterhin im alten System belassen.<\/p>\n\n\n\n<p>Au\u00dferdem gilt: Wer zuvor beim selben Unternehmen oder in einem Konzernunternehmen besch\u00e4ftigt war, kann den neuen Status jedenfalls <strong>sechs Monate lang nicht nutzen. <\/strong><\/p>\n\n\n\n<h2 class=\"wp-block-heading\">Die Kriterien \u2013 und warum sie neue Fragen aufwerfen<\/h2>\n\n\n\n<p>Die \u201eNeue Selbst\u00e4ndigkeit\u201c soll an f\u00fcnf Kriterien gekn\u00fcpft sein, von denen <strong>mindestens drei erf\u00fcllt sein m\u00fcssen<\/strong>. Als <strong>Pflichtkriterium<\/strong> gilt die M\u00f6glichkeit, eine Vertretung zu stellen. Zus\u00e4tzlich m\u00fcssen mindestens zwei weitere dieser Merkmale erf\u00fcllt sein:<\/p>\n\n\n\n<ul class=\"wp-block-list\">\n<li>Verlustrisiken und Gewinnchancen (unternehmerisches Risiko)<\/li>\n\n\n\n<li>Werbung am Markt<\/li>\n\n\n\n<li>Tragen von unternehmertypischen Ausgaben<\/li>\n\n\n\n<li>Keine T\u00e4tigkeit f\u00fcr im Wesentlichen nur einen Auftraggeber.<\/li>\n<\/ul>\n\n\n\n<p>Das liest sich geordnet und klingt zun\u00e4chst beruhigend. Nur schaffen diese Kriterien neue Unsicherheit, weil hinter fast jedem dieser Merkmale sofort die n\u00e4chste <strong>Auslegungsfrage<\/strong> steckt. <\/p>\n\n\n\n<p>Was gilt als \u201eWerbung\u201c? Reicht ein LinkedIn-Profil, ein Vortrag, ein Netzwerk, die Pflege eines Branchenprofils? Muss es bezahlte Werbung sein, obwohl diese in vielen Solo-Businesses kaum eine Rolle spielt? Und was sind typische Unternehmerausgaben in einer Wissens\u00f6konomie?<\/p>\n\n\n\n<figure class=\"wp-block-image size-full\"><img decoding=\"async\" width=\"1600\" height=\"936\" src=\"https:\/\/img-cdn.freelancermap.de\/blog\/dach\/neue-selbststaendigkeit-kriterien.png\" alt=\"Das sind die Kriterien, die in der Neuen Selbstst\u00e4ndigkeit teils erf\u00fcllt sein m\u00fcssen\" class=\"wp-image-71084\"\/><figcaption class=\"wp-element-caption\">Die Kriterien f\u00fcr die &#8222;Neue Selbstst\u00e4ndigkeit&#8220; im \u00dcberblick<\/figcaption><\/figure>\n\n\n\n<h3 class=\"wp-block-heading\">Das Vertretungskriterium: Eine schwierige Angelegenheit<\/h3>\n\n\n\n<p>Am <strong>empfindlichsten<\/strong> ist das Vertretungskriterium. Auf dem Papier sieht es nach Unternehmerlogik aus. In vielen realen Projekten passt es aber schlecht.<\/p>\n\n\n\n<p>Wer einen hochspezialisierten IT-Experten, einen Interim Manager oder eine Fachreferentin engagiert, will oft gerade deren pers\u00f6nliche Leistung \u2013 nicht, weil es sich um einen Arbeitnehmer handelte, sondern weil der Auftrag an Person, Erfahrung und konkretem Know-how h\u00e4ngt. <\/p>\n\n\n\n<p>Die h\u00f6chstpers\u00f6nliche Leistung ist in solchen F\u00e4llen kein Indiz gegen Selbst\u00e4ndigkeit, sondern der Grund der Beauftragung.<\/p>\n\n\n\n<p>Der Entwurf verlangt nicht nur theoretische Vertretbarkeit, sondern das Recht, eigenst\u00e4ndig eine geeignete <strong>Ersatzperson<\/strong> einzusetzen. Damit werden T\u00e4tigkeiten mit bewusst personenbezogener Beauftragung strukturell benachteiligt. <\/p>\n\n\n\n<h2 class=\"wp-block-heading\">Zentrale Kritikpunkte: Zwischen Sicherheit und Zwang<\/h2>\n\n\n\n<p>Seit die <a href=\"https:\/\/www.sueddeutsche.de\/wirtschaft\/bas-selbststaendigkeit-gesetz-bundesregierung-erleichterung-li.3459731?reduced=true\" target=\"_blank\" rel=\"noreferrer noopener\">S\u00fcddeutsche Zeitung<\/a> erstmals \u00fcber den Gesetzentwurf berichtete, mehren sich die kritischen Stimmen. Der VGSD (Verband der Gr\u00fcnder und Selbst\u00e4ndigen Deutschland) benennt ganz klar drei zentrale Probleme.<\/p>\n\n\n\n<h3 class=\"wp-block-heading\">Wird Rechtssicherheit zum k\u00e4uflichen Gut?<\/h3>\n\n\n\n<p>Ein zentraler Kritikpunkt: Rechtssicherheit wird an die Zahlung von Rentenbeitr\u00e4gen gekoppelt. Wer ohnehin gut verdient, f\u00fcr den wird es weniger ein Problem sein, den maximalen Rentenversicherungsbeitrag von derzeit rund 1.571,80 Euro pro Monat in Kauf zu nehmen. Wer geringere Einn ahmen hat oder gerade in der Gr\u00fcndungsphase steckt, kann sich diesen Status m\u00f6glicherweise nicht leisten.<\/p>\n\n\n\n<h3 class=\"wp-block-heading\">Freiwilligkeit oder faktischer Zwang?<\/h3>\n\n\n\n<p>Offiziell ist das Modell <strong>optional<\/strong>. In der Praxis k\u00f6nnte daraus jedoch schnell indirekter Druck entstehen, wenn Unternehmen Risiken minimieren und deshalb bevorzugt mit <a href=\"\/blog\/was-ist-ein-freelancer\/\">Freelancern<\/a> im neuen System zusammenarbeiten wollen. Damit wird aus einer Wahlm\u00f6glichkeit ein <strong>Marktdruck<\/strong>.<\/p>\n\n\n\n<p>Noch kritischer: Der VGSD weist darauf hin, dass die Pl\u00e4ne weder die Ergebnisse der Rentenkommission noch die Erkenntnisse aus jahrelangen Fachgespr\u00e4chen zur Altersvorsorgepflicht ber\u00fccksichtigen. In Koalitionsvertr\u00e4gen war bisher ein Vertrauensschutz f\u00fcr Bestandsselbst\u00e4ndige und eine Karenzzeit f\u00fcr Gr\u00fcnderinnen und Gr\u00fcnder vereinbart. Diese Zusagen finden sich im aktuellen Entwurf <strong>nicht wieder.<\/strong><\/p>\n\n\n\n<p>Die Frage ist deshalb nicht, ob das Modell formell freiwillig ist, sondern <strong>ob man es sich leisten kann, es k\u00fcnftig nicht zu w\u00e4hlen.<\/strong><\/p>\n\n\n<style>.kb-row-layout-id71016_fc319b-6f > .kt-row-column-wrap{align-content:start;}:where(.kb-row-layout-id71016_fc319b-6f > .kt-row-column-wrap) > .wp-block-kadence-column{justify-content:start;}.kb-row-layout-id71016_fc319b-6f > .kt-row-column-wrap{column-gap:var(--global-kb-gap-sm, 1rem);row-gap:var(--global-kb-gap-none, 0rem );padding-top:var(--global-kb-spacing-sm, 1.5rem);grid-template-columns:minmax(0, calc(65% - ((var(--global-kb-gap-sm, 1rem) * 1 )\/2)))minmax(0, calc(35% - ((var(--global-kb-gap-sm, 1rem) * 1 )\/2)));}.kb-row-layout-id71016_fc319b-6f{border-top-left-radius:10px;border-top-right-radius:10px;border-bottom-right-radius:10px;border-bottom-left-radius:10px;overflow:clip;isolation:isolate;}.kb-row-layout-id71016_fc319b-6f > .kt-row-layout-overlay{border-top-left-radius:10px;border-top-right-radius:10px;border-bottom-right-radius:10px;border-bottom-left-radius:10px;}.kb-row-layout-id71016_fc319b-6f{box-shadow:0px 0px 14px 0px rgba(0, 0, 0, 0.2);}.kb-row-layout-id71016_fc319b-6f > .kt-row-layout-overlay{opacity:1;background-color:#ffffff;}@media all and (max-width: 1024px){.kb-row-layout-id71016_fc319b-6f > .kt-row-column-wrap{grid-template-columns:minmax(0, 2fr) minmax(0, 1fr);}}@media all and (max-width: 767px){.kb-row-layout-id71016_fc319b-6f > .kt-row-column-wrap{grid-template-columns:minmax(0, 1fr);}}<\/style><div class=\"kb-row-layout-wrap kb-row-layout-id71016_fc319b-6f alignnone kt-row-has-bg wp-block-kadence-rowlayout\"><div class=\"kt-row-layout-overlay kt-row-overlay-normal\"><\/div><div class=\"kt-row-column-wrap kt-has-2-columns kt-row-layout-left-golden kt-tab-layout-inherit kt-mobile-layout-row kt-row-valign-top\">\n<style>.kadence-column71016_600bbc-42 > .kt-inside-inner-col{display:flex;}.kadence-column71016_600bbc-42 > .kt-inside-inner-col,.kadence-column71016_600bbc-42 > .kt-inside-inner-col:before{border-top-left-radius:0px;border-top-right-radius:0px;border-bottom-right-radius:0px;border-bottom-left-radius:0px;}.kadence-column71016_600bbc-42 > .kt-inside-inner-col{row-gap:var(--global-kb-gap-none, 0rem );column-gap:var(--global-kb-gap-sm, 1rem);}.kadence-column71016_600bbc-42 > .kt-inside-inner-col{flex-direction:column;}.kadence-column71016_600bbc-42 > .kt-inside-inner-col > .aligncenter{width:100%;}.kadence-column71016_600bbc-42 > .kt-inside-inner-col:before{opacity:0.3;}.kadence-column71016_600bbc-42{position:relative;}.kadence-column71016_600bbc-42, .kt-inside-inner-col > .kadence-column71016_600bbc-42:not(.specificity){margin-right:var(--global-kb-spacing-xs, 1rem);margin-left:var(--global-kb-spacing-xxs, 0.5rem);}@media all and (max-width: 1024px){.kadence-column71016_600bbc-42 > .kt-inside-inner-col{flex-direction:column;justify-content:center;}}@media all and (max-width: 767px){.kadence-column71016_600bbc-42 > .kt-inside-inner-col{flex-direction:column;justify-content:center;}}.kadence-column71016_600bbc-42 .kadence-column:last-child {    margin-bottom: 0 !important; \/* Entfernt Abstand unter der letzten Spalte *\/}<\/style>\n<div class=\"wp-block-kadence-column kadence-column71016_600bbc-42\"><div class=\"kt-inside-inner-col\"><style>.kadence-column71016_5827eb-a4 > .kt-inside-inner-col{display:flex;}.kadence-column71016_5827eb-a4 > .kt-inside-inner-col{padding-left:var(--global-kb-spacing-xxs, 0.5rem);}.kadence-column71016_5827eb-a4 > .kt-inside-inner-col,.kadence-column71016_5827eb-a4 > .kt-inside-inner-col:before{border-top-left-radius:0px;border-top-right-radius:0px;border-bottom-right-radius:0px;border-bottom-left-radius:0px;}.kadence-column71016_5827eb-a4 > .kt-inside-inner-col{column-gap:var(--global-kb-gap-sm, 1rem);}.kadence-column71016_5827eb-a4 > .kt-inside-inner-col{flex-direction:column;justify-content:center;}.kadence-column71016_5827eb-a4 > .kt-inside-inner-col > .aligncenter{width:100%;}.kt-row-column-wrap > .kadence-column71016_5827eb-a4{align-self:center;}.kt-inner-column-height-full:not(.kt-has-1-columns) > .wp-block-kadence-column.kadence-column71016_5827eb-a4{align-self:auto;}.kt-inner-column-height-full:not(.kt-has-1-columns) > .wp-block-kadence-column.kadence-column71016_5827eb-a4 > .kt-inside-inner-col{flex-direction:column;justify-content:center;}.kadence-column71016_5827eb-a4 > .kt-inside-inner-col:before{opacity:0.3;}.kadence-column71016_5827eb-a4{position:relative;}.kadence-column71016_5827eb-a4, .kt-inside-inner-col > .kadence-column71016_5827eb-a4:not(.specificity){margin-left:0px;}@media all and (max-width: 1024px){.kt-row-column-wrap > .kadence-column71016_5827eb-a4{align-self:center;}}@media all and (max-width: 1024px){.kt-inner-column-height-full:not(.kt-has-1-columns) > .wp-block-kadence-column.kadence-column71016_5827eb-a4{align-self:auto;}}@media all and (max-width: 1024px){.kt-inner-column-height-full:not(.kt-has-1-columns) > .wp-block-kadence-column.kadence-column71016_5827eb-a4 > .kt-inside-inner-col{flex-direction:column;justify-content:center;}}@media all and (max-width: 1024px){.kadence-column71016_5827eb-a4 > .kt-inside-inner-col{flex-direction:column;justify-content:center;}}@media all and (max-width: 767px){.kt-row-column-wrap > .kadence-column71016_5827eb-a4{align-self:center;}.kt-inner-column-height-full:not(.kt-has-1-columns) > .wp-block-kadence-column.kadence-column71016_5827eb-a4{align-self:auto;}.kt-inner-column-height-full:not(.kt-has-1-columns) > .wp-block-kadence-column.kadence-column71016_5827eb-a4 > .kt-inside-inner-col{flex-direction:column;justify-content:center;}.kadence-column71016_5827eb-a4 > .kt-inside-inner-col{flex-direction:column;justify-content:center;}}.kadence-column71016_5827eb-a4 p{margin-bottom: 15px !important;}<\/style>\n<div class=\"wp-block-kadence-column kadence-column71016_5827eb-a4\"><div class=\"kt-inside-inner-col\">\n<p style=\"font-size:16px\"><strong>Lese-Tipp:<\/strong> Was Selbstst\u00e4ndige und Freelancer \u00fcber die Scheinselbstst\u00e4ndigkeit wissen sollten: Ein Anwalt kl\u00e4rt \u00fcber 7 Mythen auf. <\/p>\n<\/div><\/div>\n\n\n<style>.wp-block-kadence-advancedbtn.kb-btns71016_36e0c7-59{gap:var(--global-kb-gap-xs, 0.5rem );justify-content:flex-start;align-items:center;}.kt-btns71016_36e0c7-59 .kt-button{font-weight:normal;font-style:normal;}.kt-btns71016_36e0c7-59 .kt-btn-wrap-0{margin-right:5px;}.wp-block-kadence-advancedbtn.kt-btns71016_36e0c7-59 .kt-btn-wrap-0 .kt-button{color:#555555;border-color:#555555;}.wp-block-kadence-advancedbtn.kt-btns71016_36e0c7-59 .kt-btn-wrap-0 .kt-button:hover, .wp-block-kadence-advancedbtn.kt-btns71016_36e0c7-59 .kt-btn-wrap-0 .kt-button:focus{color:#ffffff;border-color:#444444;}.wp-block-kadence-advancedbtn.kt-btns71016_36e0c7-59 .kt-btn-wrap-0 .kt-button::before{display:none;}.wp-block-kadence-advancedbtn.kt-btns71016_36e0c7-59 .kt-btn-wrap-0 .kt-button:hover, .wp-block-kadence-advancedbtn.kt-btns71016_36e0c7-59 .kt-btn-wrap-0 .kt-button:focus{background:#444444;}<\/style>\n<div class=\"wp-block-kadence-advancedbtn kb-buttons-wrap kb-btns71016_36e0c7-59\"><style>ul.menu .wp-block-kadence-advancedbtn .kb-btn71016_422d00-aa.kb-button{width:initial;}.wp-block-kadence-advancedbtn .kb-btn71016_422d00-aa.kb-button{color:#222222;background:#00FFC8;border-top-left-radius:10px;border-top-right-radius:10px;border-bottom-right-radius:10px;border-bottom-left-radius:10px;margin-top:var(--global-kb-spacing-xxs, 0.5rem);margin-left:var(--global-kb-spacing-xxs, 0.5rem);}.wp-block-kadence-advancedbtn .kb-btn71016_422d00-aa.kb-button:hover, .wp-block-kadence-advancedbtn .kb-btn71016_422d00-aa.kb-button:focus{color:#ffffff;background:#222222;}<\/style><a class=\"kb-button kt-button button kb-btn71016_422d00-aa kt-btn-size-standard kt-btn-width-type-auto kb-btn-global-fill  kt-btn-has-text-true kt-btn-has-svg-false  wp-block-kadence-singlebtn\" href=\"\/blog\/7-mythen-ueber-scheinselbststaendigkeit\/\"><span class=\"kt-btn-inner-text\">Jetzt informieren<\/span><\/a><\/div>\n<\/div><\/div>\n\n\n<style>.kadence-column71016_e536d0-6b > .kt-inside-inner-col,.kadence-column71016_e536d0-6b > .kt-inside-inner-col:before{border-top-left-radius:0px;border-top-right-radius:0px;border-bottom-right-radius:0px;border-bottom-left-radius:0px;}.kadence-column71016_e536d0-6b > .kt-inside-inner-col{column-gap:var(--global-kb-gap-sm, 1rem);}.kadence-column71016_e536d0-6b > .kt-inside-inner-col{flex-direction:column;}.kadence-column71016_e536d0-6b > .kt-inside-inner-col > .aligncenter{width:100%;}.kadence-column71016_e536d0-6b > .kt-inside-inner-col:before{opacity:1;}.kadence-column71016_e536d0-6b{position:relative;}@media all and (max-width: 1024px){.kadence-column71016_e536d0-6b > .kt-inside-inner-col{flex-direction:column;justify-content:center;}}@media all and (max-width: 767px){.kadence-column71016_e536d0-6b > .kt-inside-inner-col{flex-direction:column;justify-content:center;}}.kadence-column71016_e536d0-6b img {    margin-bottom: 0; \/* Entfernt Abstand direkt unter dem Bild *\/    display: block; \/* Vermeidet unn\u00f6tigen Inline-Abstand *\/}<\/style>\n<div class=\"wp-block-kadence-column kadence-column71016_e536d0-6b\"><div class=\"kt-inside-inner-col\"><style>.wp-block-kadence-image.kb-image71016_d2e423-0e:not(.kb-specificity-added):not(.kb-extra-specificity-added){margin-right:var(--global-kb-spacing-sm, 1.5rem);}.kb-image71016_d2e423-0e .kb-image-has-overlay:after{opacity:0.3;}<\/style>\n<figure class=\"wp-block-kadence-image kb-image71016_d2e423-0e size-full kb-image-is-ratio-size\"><a href=\"\/blog\/7-mythen-ueber-scheinselbststaendigkeit\/\" class=\"kb-advanced-image-link\"><div class=\"kb-is-ratio-image kb-image-ratio-land32\"><img decoding=\"async\" width=\"1100\" height=\"480\" src=\"https:\/\/img-cdn.freelancermap.de\/blog\/dach\/scheinselbststaendigkeit-hero.jpg\" alt=\"\" class=\"kb-img wp-image-54816\"\/><\/div><\/a><\/figure>\n<\/div><\/div>\n\n<\/div><\/div>\n\n\n<h3 class=\"wp-block-heading\">Die wirtschaftliche Realit\u00e4t vieler Selbst\u00e4ndiger wird ausgeblendet<\/h3>\n\n\n\n<p>Selbst\u00e4ndige leben mit schwankendem Einkommen. Sie tragen das unternehmerische Risiko allein, stehen in der Gr\u00fcndungsphase vor erheblichen Investitionen und organisieren ihre <a href=\"\/blog\/altersvorsorge-selbststandige\/\">Altersvorsorge<\/a> eigenst\u00e4ndig \u2013 und das, wie der Freelancer-Kompass 2026 zeigt, durchaus ernsthaft: Im Schnitt legen Selbst\u00e4ndige <strong>1.166,65 Euro pro Monat f\u00fcr die Altersvorsorge <\/strong>zur\u00fcck.<\/p>\n\n\n\n<p>Die gr\u00f6\u00dfte Rolle spielen dabei <strong>Wertpapiere<\/strong> wie ETFs, Aktien und Fonds (53 %), gefolgt von der gesetzlichen Rentenversicherung (45 %), Immobilien (43 %), privater Rentenversicherung (35 %) und Lebensversicherungen (31 %). Viele Selbst\u00e4ndige haben ihre Vorsorge also<strong> l\u00e4ngst auf eigene Beine gestellt<\/strong>; und gehen dabei diversifiziert, eigenverantwortlich und h\u00e4ufig renditest\u00e4rker als die gesetzliche Pflichtversicherung vor. <\/p>\n\n\n\n<p>Wer in dieser Situation zus\u00e4tzlich verpflichtet wird, monatlich bis zu 1.571,80 Euro in die gesetzliche Rentenversicherung einzuzahlen, wird nicht in Sicherheit gebracht, sondern in eine Doppelbelastung gezwungen. Oder wird gezwungen sein, aus Kostengr\u00fcnden andere Sparpl\u00e4ne aufzugeben. <\/p>\n\n\n\n<figure class=\"wp-block-image size-full\"><img decoding=\"async\" width=\"1600\" height=\"942\" src=\"https:\/\/img-cdn.freelancermap.de\/blog\/dach\/altersvorsorge-freelancer-beliebte-modelle-1.png\" alt=\"So sorgen Freelancer wirklich vor\" class=\"wp-image-71083\"\/><figcaption class=\"wp-element-caption\">Selbstst\u00e4ndige sorgen prim\u00e4r mit Wertpapieren vor <\/figcaption><\/figure>\n\n\n\n<h3 class=\"wp-block-heading\">Neue Unsicherheit statt klarer L\u00f6sung<\/h3>\n\n\n\n<p>Auch innerhalb des neuen Systems bleiben Interpretationsspielr\u00e4ume. Die Kriterien wirken auf den ersten Blick plausibel, sind bei n\u00e4herer Betrachtung aber auslegungsbed\u00fcrftig und teils realit\u00e4tsfern. Das macht sie im Umkehrschluss wieder <strong>streitanf\u00e4llig<\/strong> und damit droht genau das, was eigentlich gel\u00f6st werden sollte: eine neue Art der Rechtsunsicherheit statt endlich echte Klarheit. <\/p>\n\n\n\n<h2 class=\"wp-block-heading\">Stimmen der Community: Zwischen vorsichtiger Hoffnung und berechtigter Skepsis<\/h2>\n\n\n\n<p>Die Diskussionen unter Freelancern (insbesondere auf LinkedIn) zeigen ein gemischtes Bild. Einige sehen durchaus Chancen: <strong>mehr Planungssicherheit, klarere Spielregeln, weniger Graubereich.<\/strong> Gerade wer bisher in einem permanenten Spannungsfeld zwischen Auftraggeber und Rentenversicherungspr\u00fcfer gelebt hat, empfindet die Perspektive auf verbindliche Kriterien als Erleichterung.<\/p>\n\n\n\n<p>Besonders deutlich wird das in der IT-Branche. Der Verband DBITS, der IT-Selbst\u00e4ndige und deren Auftraggeber vertritt, spricht sogar von einem \u201ehistorischen Paradigmenwechsel\u201c. Der Grund: Die bisher gef\u00fcrchteten Pr\u00fcfkriterien Weisungsgebundenheit und Eingliederung in den Betrieb \u2013 die in agilen Projekten nach Scrum oder Kanban faktisch nie zu vermeiden sind \u2013 sollen im neuen Modell keine Rolle mehr spielen. <\/p>\n\n\n\n<p>Compliance-Abteilungen gro\u00dfer Unternehmen, die IT-Freelancer seit Jahren aus Risikoangst meiden oder in undurchsichtige Zwischenkonstruktionen dr\u00e4ngen, k\u00f6nnten k\u00fcnftig wieder direkt beauftragen. F\u00fcr einen Teil des Marktes w\u00e4re das ein echter, lang erhoffter Fortschritt.<\/p>\n\n\n\n<h3 class=\"wp-block-heading\">Negative Stimmen aus der Community: &#8222;Gekaufte Rechtssicherheit&#8220;<\/h3>\n\n\n\n<p>Andere reagieren deutlich <strong>skeptischer<\/strong>. H\u00e4ufig genannte Kritikpunkte aus der Community: \u201egekaufte Rechtssicherheit\u201c, zus\u00e4tzliche finanzielle Belastung ohne klaren Mehrwert, und die Bef\u00fcrchtung, dass <strong>strukturelle Probleme<\/strong> (unpraktikable Kriterien, intransparente Auslegung) im neuen System einfach fortgeschrieben werden.<\/p>\n\n\n\n<p>Auffallend ist dabei: Selbst jene, die dem Modell grunds\u00e4tzlich offen gegen\u00fcberstehen, fordern meistens das Gleiche: bessere Kriterien, mehr Praxisn\u00e4he, echten Vertrauensschutz f\u00fcr Bestandsselbst\u00e4ndige. <\/p>\n\n\n\n<p>Auch Fachanwalt Robert Gollwitzer besch\u00e4ftigt sich intensiv mit dem Entwurf zur &#8222;Neuen Selbstst\u00e4ndigkeit&#8220; und gibt im Gespr\u00e4ch mit freelancermap Folgendes an:<\/p>\n\n\n\n<blockquote class=\"wp-block-quote is-layout-flow wp-block-quote-is-layout-flow\">\n\n\n\n<div class=\"block-quote container\">\n    <div class=\"row justify-content-center d-flex align-items-center text-center text-xl-start\">\n        <div class=\"col-12 col-xl-auto\">\n            <!-- image or icon -->\n\n            \n            <figure class=\"quote__icon m-auto\">\n                <img decoding=\"async\" src=\"\/blog\/wp-content\/themes\/fmap24\/inc\/img\/quote\/quote.svg\" alt=\"Default Quote\"\n                    class=\"me-0 me-xl-4\">\n            <\/figure>\n\n            \n        <\/div>\n        <div class=\"quote col-12 col-xl-7 mt-3 mt-xl-0\">\n            <!-- quote -->\n            <blockquote>Es bleibt abzuwarten, ob die \u201eneue Selbst\u00e4ndigkeit\u201c letztendlich so kommen wird. W\u00fcrde sie so kommen, wie im Referentenentwurf vorgesehen, w\u00e4re die \u201eneue Selbst\u00e4ndigkeit\u201c ein Weg, sich mehr Rechtssicherheit zu erkaufen. Hier w\u00fcrden dann aber die Fragen der Abgrenzung der selbst\u00e4ndigen T\u00e4tigkeit von der abh\u00e4ngigen Besch\u00e4ftigung und die Frage der Beitragspflicht in der Rentenversicherung durcheinandergeworfen.<\/blockquote>\n            <p class=\"xsmall mono lh-base fw-light p-0 m-0\"><span\n                    class=\"text-fm-whoopi\">Robert Gollwitzer<\/span><\/br>Fachanwalt bei Link Siry Rechtsanw\u00e4lte<\/small>\n\n        <\/div>\n    <\/div>\n<\/div><\/blockquote>\n\n\n\n<h2 class=\"wp-block-heading\">Fazit: Richtiger Impuls, falsche Architektur<\/h2>\n\n\n\n<p>Der Impuls hinter der \u201eNeuen Selbst\u00e4ndigkeit\u201c ist verst\u00e4ndlich. Das Statusfeststellungsverfahren ist <strong>dysfunktional<\/strong>, die Rechtsunsicherheit real, der Handlungsbedarf dringend. Doch der vorliegende Entwurf l\u00f6st das Problem nicht, er verschiebt es. Statt das bestehende System f\u00fcr alle zu reformieren, schafft er ein Parallelmodell, das Rechtssicherheit an Kaufkraft kn\u00fcpft.<\/p>\n\n\n\n<p>Das ist keine Reform, sondern eine Verhandlungsposition. Und die Schwachen in dieser Verhandlung \u2013 Gr\u00fcnder in der Aufbauphase, Selbst\u00e4ndige mit schwankendem Einkommen, Spezialisten, die aus gutem Grund h\u00f6chstpers\u00f6nlich leisten \u2013 k\u00f6nnten am Ende doppelt zahlen: einmal durch den Marktdruck, der sie ins neue System zwingt, und einmal durch Beitr\u00e4ge, die ihre wirtschaftliche Realit\u00e4t ignorieren.<\/p>\n\n\n\n<p>Was es stattdessen braucht: <strong>eine echte Reform des Statusfeststellungsverfahrens.<\/strong> Klare, praxistaugliche Kriterien f\u00fcr alle. Rechtssicherheit als Standard, nicht als Sonderstatus.<\/p>\n\n\n\n<p>Statt das bestehende Statusrecht zu modernisieren, schafft der Entwurf einen parallelen Sondertatbestand mit privilegierten Kriterien, aber zus\u00e4tzlicher Beitragspflicht.<\/p>\n\n\n\n<h2 class=\"wp-block-heading\">Was Freelancer jetzt konkret tun sollten<\/h2>\n\n\n\n<p>Unabh\u00e4ngig davon, ob und wie die \u201eNeue Selbst\u00e4ndigkeit\u201c kommt: Die aktuelle Situation macht deutlich, dass eine saubere Dokumentation der eigenen T\u00e4tigkeit heute wichtiger denn je ist. Wer fr\u00fchzeitig handelt, ist besser gesch\u00fctzt \u2013 sowohl im alten als auch in einem m\u00f6glichen neuen System.<\/p>\n\n\n\n<p><strong>Vertr\u00e4ge pr\u00fcfen<\/strong>: Bestehende Vertr\u00e4ge sollten auf Formulierungen hin analysiert werden, die auf ein Weisungsverh\u00e4ltnis hindeuten k\u00f6nnten \u2013 z. B. feste Arbeitszeiten, Anwesenheitspflichten oder Eingliederung in die Betriebsstruktur des Auftraggebers.<\/p>\n\n\n\n<p><strong>Projektstruktur dokumentieren<\/strong>: Wer mehrere Auftraggeber hat, Werbung betreibt und unternehmerisches Risiko tr\u00e4gt, sollte das nachvollziehbar festhalten. Screenshots, Rechnungen, Angebote und Korrespondenz k\u00f6nnen im Streitfall entscheidend sein.<\/p>\n\n\n\n<p><strong>Au\u00dfenauftritt st\u00e4rken<\/strong>: Eine sichtbare Pr\u00e4senz am Markt \u2013 Website, LinkedIn-Profil, Referenzen \u2013 unterstreicht die unternehmerische T\u00e4tigkeit und kann im Statusfeststellungsverfahren relevant sein.<\/p>\n\n\n\n<p><strong>Mehrere Auftraggeber aufbauen<\/strong>: Wer dauerhaft f\u00fcr nur einen Auftraggeber t\u00e4tig ist, tr\u00e4gt ein erh\u00f6htes Risiko. Diversifizierung kann wirtschaftlich sinnvoll sein, vor allem aber ist es auch rechtlich entlastend.<\/p>\n\n\n\n<p><strong>Rechtliche Beratung einholen<\/strong>: Wer sich im Graubereich bewegt oder ein gr\u00f6\u00dferes Projekt mit einem einzigen Auftraggeber plant, sollte fr\u00fchzeitig spezialisierte Rechtsberatung in Anspruch nehmen. Wer sich tiefer mit dem Thema besch\u00e4ftigen m\u00f6chte oder f\u00fcr die eigene Situation <strong>juristische Orientierung<\/strong> sucht, findet bei\u202f<a href=\"https:\/\/www.linkedin.com\/in\/robert-gollwitzer\/\" target=\"_blank\" rel=\"noreferrer noopener\">Robert Gollwitzer<\/a>\u202fweitere Einordnungen und Beitr\u00e4ge unter anderem auf LinkedIn. <\/p>\n\n\n\n<h2 class=\"wp-block-heading\">FAQ<\/h2>\n\n\n<style>.kt-accordion-id71016_7d1cce-a9 .kt-accordion-inner-wrap{column-gap:var(--global-kb-gap-md, 2rem);row-gap:10px;}.kt-accordion-id71016_7d1cce-a9 .kt-accordion-panel-inner{border-top:0px solid transparent;border-right:0px solid transparent;border-bottom:0px solid transparent;border-left:0px solid transparent;background:#ffffff;padding-top:var(--global-kb-spacing-sm, 1.5rem);padding-right:var(--global-kb-spacing-sm, 1.5rem);padding-bottom:var(--global-kb-spacing-sm, 1.5rem);padding-left:var(--global-kb-spacing-sm, 1.5rem);}.kt-accordion-id71016_7d1cce-a9 > .kt-accordion-inner-wrap > .wp-block-kadence-pane > .kt-accordion-header-wrap > .kt-blocks-accordion-header{border-top:1px solid #f2f2f2;border-right:1px solid #f2f2f2;border-bottom:1px solid #f2f2f2;border-left:1px solid #f2f2f2;border-top-left-radius:6px;border-top-right-radius:6px;border-bottom-right-radius:6px;border-bottom-left-radius:6px;background:#ffffff;color:#222222;padding-top:13px;padding-right:15px;padding-bottom:13px;padding-left:15px;}.kt-accordion-id71016_7d1cce-a9:not( .kt-accodion-icon-style-basiccircle ):not( .kt-accodion-icon-style-xclosecircle ):not( .kt-accodion-icon-style-arrowcircle )  > .kt-accordion-inner-wrap > .wp-block-kadence-pane > .kt-accordion-header-wrap .kt-blocks-accordion-icon-trigger:after, .kt-accordion-id71016_7d1cce-a9:not( .kt-accodion-icon-style-basiccircle ):not( .kt-accodion-icon-style-xclosecircle ):not( .kt-accodion-icon-style-arrowcircle )  > .kt-accordion-inner-wrap > .wp-block-kadence-pane > .kt-accordion-header-wrap .kt-blocks-accordion-icon-trigger:before{background:#7a7a7a;}.kt-accordion-id71016_7d1cce-a9:not( .kt-accodion-icon-style-basic ):not( .kt-accodion-icon-style-xclose ):not( .kt-accodion-icon-style-arrow ) .kt-blocks-accordion-icon-trigger{background:#7a7a7a;}.kt-accordion-id71016_7d1cce-a9:not( .kt-accodion-icon-style-basic ):not( .kt-accodion-icon-style-xclose ):not( .kt-accodion-icon-style-arrow ) .kt-blocks-accordion-icon-trigger:after, .kt-accordion-id71016_7d1cce-a9:not( .kt-accodion-icon-style-basic ):not( .kt-accodion-icon-style-xclose ):not( .kt-accodion-icon-style-arrow ) .kt-blocks-accordion-icon-trigger:before{background:#ffffff;}.kt-accordion-id71016_7d1cce-a9 > .kt-accordion-inner-wrap > .wp-block-kadence-pane > .kt-accordion-header-wrap > .kt-blocks-accordion-header:hover, \n\t\t\t\tbody:not(.hide-focus-outline) .kt-accordion-id71016_7d1cce-a9 .kt-blocks-accordion-header:focus-visible{color:#444444;background:#ffffff;border-top:1px solid #00FFC8;border-right:1px solid #00FFC8;border-bottom:1px solid #00FFC8;border-left:1px solid #00FFC8;}.kt-accordion-id71016_7d1cce-a9:not( .kt-accodion-icon-style-basiccircle ):not( .kt-accodion-icon-style-xclosecircle ):not( .kt-accodion-icon-style-arrowcircle ) .kt-accordion-header-wrap .kt-blocks-accordion-header:hover .kt-blocks-accordion-icon-trigger:after, .kt-accordion-id71016_7d1cce-a9:not( .kt-accodion-icon-style-basiccircle ):not( .kt-accodion-icon-style-xclosecircle ):not( .kt-accodion-icon-style-arrowcircle ) .kt-accordion-header-wrap .kt-blocks-accordion-header:hover .kt-blocks-accordion-icon-trigger:before, body:not(.hide-focus-outline) .kt-accordion-id71016_7d1cce-a9:not( .kt-accodion-icon-style-basiccircle ):not( .kt-accodion-icon-style-xclosecircle ):not( .kt-accodion-icon-style-arrowcircle ) .kt-blocks-accordion--visible .kt-blocks-accordion-icon-trigger:after, body:not(.hide-focus-outline) .kt-accordion-id71016_7d1cce-a9:not( .kt-accodion-icon-style-basiccircle ):not( .kt-accodion-icon-style-xclosecircle ):not( .kt-accodion-icon-style-arrowcircle ) .kt-blocks-accordion-header:focus-visible .kt-blocks-accordion-icon-trigger:before{background:#444444;}.kt-accordion-id71016_7d1cce-a9:not( .kt-accodion-icon-style-basic ):not( .kt-accodion-icon-style-xclose ):not( .kt-accodion-icon-style-arrow ) .kt-accordion-header-wrap .kt-blocks-accordion-header:hover .kt-blocks-accordion-icon-trigger, body:not(.hide-focus-outline) .kt-accordion-id71016_7d1cce-a9:not( .kt-accodion-icon-style-basic ):not( .kt-accodion-icon-style-xclose ):not( .kt-accodion-icon-style-arrow ) .kt-accordion-header-wrap .kt-blocks-accordion-header:focus-visible .kt-blocks-accordion-icon-trigger{background:#444444;}.kt-accordion-id71016_7d1cce-a9:not( .kt-accodion-icon-style-basic ):not( .kt-accodion-icon-style-xclose ):not( .kt-accodion-icon-style-arrow ) .kt-accordion-header-wrap .kt-blocks-accordion-header:hover .kt-blocks-accordion-icon-trigger:after, .kt-accordion-id71016_7d1cce-a9:not( .kt-accodion-icon-style-basic ):not( .kt-accodion-icon-style-xclose ):not( .kt-accodion-icon-style-arrow ) .kt-accordion-header-wrap .kt-blocks-accordion-header:hover .kt-blocks-accordion-icon-trigger:before, body:not(.hide-focus-outline) .kt-accordion-id71016_7d1cce-a9:not( .kt-accodion-icon-style-basic ):not( .kt-accodion-icon-style-xclose ):not( .kt-accodion-icon-style-arrow ) .kt-accordion-header-wrap .kt-blocks-accordion-header:focus-visible .kt-blocks-accordion-icon-trigger:after, body:not(.hide-focus-outline) .kt-accordion-id71016_7d1cce-a9:not( .kt-accodion-icon-style-basic ):not( .kt-accodion-icon-style-xclose ):not( .kt-accodion-icon-style-arrow ) .kt-accordion-header-wrap .kt-blocks-accordion-header:focus-visible .kt-blocks-accordion-icon-trigger:before{background:#ffffff;}.kt-accordion-id71016_7d1cce-a9 .kt-accordion-header-wrap .kt-blocks-accordion-header:focus-visible,\n\t\t\t\t.kt-accordion-id71016_7d1cce-a9 > .kt-accordion-inner-wrap > .wp-block-kadence-pane > .kt-accordion-header-wrap > .kt-blocks-accordion-header.kt-accordion-panel-active{color:#222222;background:#ffffff;border-top:1px solid #00FFC8;border-right:1px solid #00FFC8;border-bottom:1px solid #00FFC8;border-left:1px solid #00FFC8;}.kt-accordion-id71016_7d1cce-a9:not( .kt-accodion-icon-style-basiccircle ):not( .kt-accodion-icon-style-xclosecircle ):not( .kt-accodion-icon-style-arrowcircle )  > .kt-accordion-inner-wrap > .wp-block-kadence-pane > .kt-accordion-header-wrap > .kt-blocks-accordion-header.kt-accordion-panel-active .kt-blocks-accordion-icon-trigger:after, .kt-accordion-id71016_7d1cce-a9:not( .kt-accodion-icon-style-basiccircle ):not( .kt-accodion-icon-style-xclosecircle ):not( .kt-accodion-icon-style-arrowcircle )  > .kt-accordion-inner-wrap > .wp-block-kadence-pane > .kt-accordion-header-wrap > .kt-blocks-accordion-header.kt-accordion-panel-active .kt-blocks-accordion-icon-trigger:before{background:#222222;}.kt-accordion-id71016_7d1cce-a9:not( .kt-accodion-icon-style-basic ):not( .kt-accodion-icon-style-xclose ):not( .kt-accodion-icon-style-arrow ) .kt-blocks-accordion-header.kt-accordion-panel-active .kt-blocks-accordion-icon-trigger{background:#222222;}.kt-accordion-id71016_7d1cce-a9:not( .kt-accodion-icon-style-basic ):not( .kt-accodion-icon-style-xclose ):not( .kt-accodion-icon-style-arrow ) .kt-blocks-accordion-header.kt-accordion-panel-active .kt-blocks-accordion-icon-trigger:after, .kt-accordion-id71016_7d1cce-a9:not( .kt-accodion-icon-style-basic ):not( .kt-accodion-icon-style-xclose ):not( .kt-accodion-icon-style-arrow ) .kt-blocks-accordion-header.kt-accordion-panel-active .kt-blocks-accordion-icon-trigger:before{background:#ffffff;}@media all and (max-width: 1024px){.kt-accordion-id71016_7d1cce-a9 .kt-accordion-panel-inner{border-top:0px solid transparent;border-right:0px solid transparent;border-bottom:0px solid transparent;border-left:0px solid transparent;}}@media all and (max-width: 1024px){.kt-accordion-id71016_7d1cce-a9 > .kt-accordion-inner-wrap > .wp-block-kadence-pane > .kt-accordion-header-wrap > .kt-blocks-accordion-header{border-top:1px solid #f2f2f2;border-right:1px solid #f2f2f2;border-bottom:1px solid #f2f2f2;border-left:1px solid #f2f2f2;}}@media all and (max-width: 1024px){.kt-accordion-id71016_7d1cce-a9 > .kt-accordion-inner-wrap > .wp-block-kadence-pane > .kt-accordion-header-wrap > .kt-blocks-accordion-header:hover, \n\t\t\t\tbody:not(.hide-focus-outline) .kt-accordion-id71016_7d1cce-a9 .kt-blocks-accordion-header:focus-visible{border-top:1px solid #00FFC8;border-right:1px solid #00FFC8;border-bottom:1px solid #00FFC8;border-left:1px solid #00FFC8;}}@media all and (max-width: 1024px){.kt-accordion-id71016_7d1cce-a9 .kt-accordion-header-wrap .kt-blocks-accordion-header:focus-visible,\n\t\t\t\t.kt-accordion-id71016_7d1cce-a9 > .kt-accordion-inner-wrap > .wp-block-kadence-pane > .kt-accordion-header-wrap > .kt-blocks-accordion-header.kt-accordion-panel-active{border-top:1px solid #00FFC8;border-right:1px solid #00FFC8;border-bottom:1px solid #00FFC8;border-left:1px solid #00FFC8;}}@media all and (max-width: 767px){.kt-accordion-id71016_7d1cce-a9 .kt-accordion-inner-wrap{display:block;}.kt-accordion-id71016_7d1cce-a9 .kt-accordion-inner-wrap .kt-accordion-pane:not(:first-child){margin-top:10px;}.kt-accordion-id71016_7d1cce-a9 .kt-accordion-panel-inner{border-top:0px solid transparent;border-right:0px solid transparent;border-bottom:0px solid transparent;border-left:0px solid transparent;}.kt-accordion-id71016_7d1cce-a9 > .kt-accordion-inner-wrap > .wp-block-kadence-pane > .kt-accordion-header-wrap > .kt-blocks-accordion-header{border-top:1px solid #f2f2f2;border-right:1px solid #f2f2f2;border-bottom:1px solid #f2f2f2;border-left:1px solid #f2f2f2;}.kt-accordion-id71016_7d1cce-a9 > .kt-accordion-inner-wrap > .wp-block-kadence-pane > .kt-accordion-header-wrap > .kt-blocks-accordion-header:hover, \n\t\t\t\tbody:not(.hide-focus-outline) .kt-accordion-id71016_7d1cce-a9 .kt-blocks-accordion-header:focus-visible{border-top:1px solid #00FFC8;border-right:1px solid #00FFC8;border-bottom:1px solid #00FFC8;border-left:1px solid #00FFC8;}.kt-accordion-id71016_7d1cce-a9 .kt-accordion-header-wrap .kt-blocks-accordion-header:focus-visible,\n\t\t\t\t.kt-accordion-id71016_7d1cce-a9 > .kt-accordion-inner-wrap > .wp-block-kadence-pane > .kt-accordion-header-wrap > .kt-blocks-accordion-header.kt-accordion-panel-active{border-top:1px solid #00FFC8;border-right:1px solid #00FFC8;border-bottom:1px solid #00FFC8;border-left:1px solid #00FFC8;}}<\/style>\n<div class=\"wp-block-kadence-accordion alignnone\"><div class=\"kt-accordion-wrap kt-accordion-id71016_7d1cce-a9 kt-accordion-has-7-panes kt-active-pane-0 kt-accordion-block kt-pane-header-alignment-left kt-accodion-icon-style-arrow kt-accodion-icon-side-right\" style=\"max-width:none\"><div class=\"kt-accordion-inner-wrap\" data-allow-multiple-open=\"false\" data-start-open=\"none\">\n<div class=\"wp-block-kadence-pane kt-accordion-pane kt-accordion-pane-1 kt-pane71016_930a12-8f\"><div class=\"kt-accordion-header-wrap\"><button class=\"kt-blocks-accordion-header kt-acccordion-button-label-show\" type=\"button\"><span class=\"kt-blocks-accordion-title-wrap\"><span class=\"kt-blocks-accordion-title\">Was ist die \u201eNeue Selbst\u00e4ndigkeit\u201c \u00fcberhaupt?<\/span><\/span><span class=\"kt-blocks-accordion-icon-trigger\"><\/span><\/button><\/div><div class=\"kt-accordion-panel kt-accordion-panel-hidden\"><div class=\"kt-accordion-panel-inner\">\n<p>Die \u201eNeue Selbst\u00e4ndigkeit\u201c ist ein geplanter neuer Rechtsstatus, den das Bundesministerium f\u00fcr Arbeit und Soziales (BMAS) einf\u00fchren m\u00f6chte. Ziel ist es, mehr Rechtssicherheit f\u00fcr Freelancer und Unternehmen zu schaffen und die Unsicherheiten rund um das Thema Scheinselbst\u00e4ndigkeit zu reduzieren.<\/p>\n\n\n\n<p>K\u00fcnftig sollen Selbst\u00e4ndige w\u00e4hlen k\u00f6nnen: entweder das bisherige System mit Statusfeststellungsverfahren oder den neuen Status mit eigenen Kriterien. Die Reform soll insbesondere projektbasierte Zusammenarbeit erleichtern.<a href=\"\/blog\/was-macht-ein-elektroingenieur\/\" target=\"_blank\" rel=\"noreferrer noopener\"><\/a><\/p>\n<\/div><\/div><\/div>\n\n\n\n<div class=\"wp-block-kadence-pane kt-accordion-pane kt-accordion-pane-2 kt-pane71016_e7c6c6-02\"><div class=\"kt-accordion-header-wrap\"><button class=\"kt-blocks-accordion-header kt-acccordion-button-label-show\" type=\"button\"><span class=\"kt-blocks-accordion-title-wrap\"><span class=\"kt-blocks-accordion-title\">Warum ist die Reform notwendig?<\/span><\/span><span class=\"kt-blocks-accordion-icon-trigger\"><\/span><\/button><\/div><div class=\"kt-accordion-panel kt-accordion-panel-hidden\"><div class=\"kt-accordion-panel-inner\">\n<p>Viele Selbst\u00e4ndige und Unternehmen leiden seit Jahren unter unklaren gesetzlichen Rahmenbedingungen. Projekte werden abgesagt, Auftr\u00e4ge nicht vergeben oder ins Ausland verlagert, weil Auftraggeber rechtliche Risiken vermeiden wollen.<\/p>\n\n\n\n<p>Das bisherige Statusfeststellungsverfahren gilt h\u00e4ufig als langwierig, schwer nachvollziehbar und in seiner Bewertung unberechenbar. Gerade f\u00fcr Freelancer in dynamischen Branchen wie IT, Beratung oder Interim Management ist das ein erhebliches Wachstumshemmnis.<\/p>\n<\/div><\/div><\/div>\n\n\n\n<div class=\"wp-block-kadence-pane kt-accordion-pane kt-accordion-pane-3 kt-pane71016_d3acbe-c1\"><div class=\"kt-accordion-header-wrap\"><button class=\"kt-blocks-accordion-header kt-acccordion-button-label-show\" type=\"button\"><span class=\"kt-blocks-accordion-title-wrap\"><span class=\"kt-blocks-accordion-title\">Welche Vorteile k\u00f6nnte die \u201eNeue Selbst\u00e4ndigkeit\u201c bringen?<\/span><\/span><span class=\"kt-blocks-accordion-icon-trigger\"><\/span><\/button><\/div><div class=\"kt-accordion-panel kt-accordion-panel-hidden\"><div class=\"kt-accordion-panel-inner\">\n<p>Der gr\u00f6\u00dfte potenzielle Vorteil liegt in einer h\u00f6heren Planungssicherheit. Bestimmte bisher kritische Pr\u00fcfkriterien \u2013 etwa Weisungsgebundenheit oder organisatorische Eingliederung \u2013 sollen im neuen Modell weniger relevant sein.<\/p>\n\n\n\n<p>Das k\u00f6nnte vor allem modernen Arbeitsformen helfen, etwa agilen Projektstrukturen, Remote-Zusammenarbeit oder spezialisierten Beratungsmandaten. Unternehmen k\u00f6nnten wieder eher direkt mit Freelancern arbeiten, ohne auf komplizierte Zwischenl\u00f6sungen ausweichen zu m\u00fcssen.<\/p>\n<\/div><\/div><\/div>\n\n\n\n<div class=\"wp-block-kadence-pane kt-accordion-pane kt-accordion-pane-4 kt-pane71016_1e49da-d6\"><div class=\"kt-accordion-header-wrap\"><button class=\"kt-blocks-accordion-header kt-acccordion-button-label-show\" type=\"button\"><span class=\"kt-blocks-accordion-title-wrap\"><span class=\"kt-blocks-accordion-title\">Welche Bedingungen m\u00fcssen erf\u00fcllt werden?<\/span><\/span><span class=\"kt-blocks-accordion-icon-trigger\"><\/span><\/button><\/div><div class=\"kt-accordion-panel kt-accordion-panel-hidden\"><div class=\"kt-accordion-panel-inner\">\n<p>Nach dem aktuellen Entwurf sollen mindestens drei von f\u00fcnf Kriterien erf\u00fcllt sein. Ein Pflichtkriterium ist dabei die M\u00f6glichkeit, eine Vertretung einzusetzen. Weitere Merkmale betreffen unternehmerisches Risiko, Marktauftritt, typische Betriebsausgaben oder die Arbeit f\u00fcr mehrere Auftraggeber.<\/p>\n\n\n\n<p>Problematisch ist jedoch, dass viele dieser Kriterien Interpretationsspielraum lassen. Begriffe wie \u201eWerbung am Markt\u201c oder \u201eunternehmertypische Ausgaben\u201c sind nicht eindeutig definiert und k\u00f6nnten neue Unsicherheiten schaffen.<\/p>\n<\/div><\/div><\/div>\n\n\n\n<div class=\"wp-block-kadence-pane kt-accordion-pane kt-accordion-pane-5 kt-pane71016_6116fa-4c\"><div class=\"kt-accordion-header-wrap\"><button class=\"kt-blocks-accordion-header kt-acccordion-button-label-show\" type=\"button\"><span class=\"kt-blocks-accordion-title-wrap\"><span class=\"kt-blocks-accordion-title\">Warum gibt es Kritik an dem Modell?<\/span><\/span><span class=\"kt-blocks-accordion-icon-trigger\"><\/span><\/button><\/div><div class=\"kt-accordion-panel kt-accordion-panel-hidden\"><div class=\"kt-accordion-panel-inner\">\n<p>Kritiker bem\u00e4ngeln vor allem, dass Rechtssicherheit an zus\u00e4tzliche Beitr\u00e4ge zur gesetzlichen Rentenversicherung gekoppelt werden soll. Wer den neuen Status nutzt, m\u00fcsste auf einen Gro\u00dfteil seiner Ums\u00e4tze Rentenbeitr\u00e4ge zahlen \u2013 allein und ohne Arbeitgeberanteil.<\/p>\n\n\n\n<p>Dadurch k\u00f6nnte ein Zwei-Klassen-System entstehen: Wer finanziell stark genug ist, kann sich den neuen Status leisten. Wer geringere Einnahmen hat oder sich in der Gr\u00fcndungsphase befindet, ger\u00e4t dagegen wirtschaftlich unter Druck.<\/p>\n<\/div><\/div><\/div>\n<\/div><\/div><\/div>\n","protected":false},"excerpt":{"rendered":"<p>Die geplante \u201eNeue Selbst\u00e4ndigkeit\u201c soll endlich mehr Rechtssicherheit f\u00fcr Freelancer und Auftraggeber schaffen. Doch der aktuelle Entwurf des BMAS wirft neue Fragen auf: Wird Scheinselbst\u00e4ndigkeit wirklich entsch\u00e4rft oder entsteht ein System, in dem Rechtssicherheit k\u00fcnftig an zus\u00e4tzliche Rentenbeitr\u00e4ge gekoppelt ist? Der Artikel beleuchtet, was hinter dem Reformmodell steckt, welche Chancen es bietet und warum viele Selbst\u00e4ndige dennoch skeptisch bleiben.<\/p>\n","protected":false},"author":72,"featured_media":71088,"comment_status":"closed","ping_status":"closed","sticky":false,"template":"","format":"standard","meta":{"_acf_changed":false,"kampagne":"","om_disable_all_campaigns":false,"_kad_blocks_custom_css":"","_kad_blocks_head_custom_js":"","_kad_blocks_body_custom_js":"","_kad_blocks_footer_custom_js":"","footnotes":""},"categories":[30],"tags":[6,22],"class_list":["post-71016","post","type-post","status-publish","format-standard","has-post-thumbnail","hentry","category-news","tag-rechtliches","tag-trends"],"acf":[],"yoast_head":"<!-- This site is optimized with the Yoast SEO plugin v26.7 - https:\/\/yoast.com\/wordpress\/plugins\/seo\/ -->\n<title>Was die &quot;Neue Selbstst\u00e4ndigkeit&quot; wirklich bedeutet<\/title>\n<meta name=\"description\" content=\"Die &quot;Neue Selbstst\u00e4ndigkeit&quot; soll kommen und die Zusammenarbeit mit Unternehmen rechtssicherer machen. Aber zu welchem Preis?\" \/>\n<meta name=\"robots\" content=\"index, follow, max-snippet:-1, max-image-preview:large, max-video-preview:-1\" \/>\n<link rel=\"canonical\" href=\"https:\/\/www.freelancermap.de\/blog\/die-neue-selbstandigkeit\" \/>\n<meta property=\"og:locale\" content=\"de_DE\" \/>\n<meta property=\"og:type\" content=\"article\" \/>\n<meta property=\"og:title\" content=\"Was die &quot;Neue Selbstst\u00e4ndigkeit&quot; wirklich bedeutet\" \/>\n<meta property=\"og:description\" content=\"Die &quot;Neue Selbstst\u00e4ndigkeit&quot; soll kommen und die Zusammenarbeit mit Unternehmen rechtssicherer machen. Aber zu welchem Preis?\" \/>\n<meta property=\"og:url\" content=\"https:\/\/www.freelancermap.de\/blog\/die-neue-selbstandigkeit\" \/>\n<meta property=\"og:site_name\" content=\"Freelancer Blog\" \/>\n<meta property=\"article:published_time\" content=\"2026-04-20T08:08:46+00:00\" \/>\n<meta property=\"article:modified_time\" content=\"2026-04-20T09:59:46+00:00\" \/>\n<meta property=\"og:image\" content=\"https:\/\/img-cdn.freelancermap.de\/blog\/dach\/neue-selbststaendigkeit.png\" \/>\n\t<meta property=\"og:image:width\" content=\"1100\" \/>\n\t<meta property=\"og:image:height\" content=\"480\" \/>\n\t<meta property=\"og:image:type\" content=\"image\/png\" \/>\n<meta name=\"author\" content=\"Jacqueline Eisenbraun\" \/>\n<meta name=\"twitter:card\" content=\"summary_large_image\" \/>\n<meta name=\"twitter:label1\" content=\"Verfasst von\" \/>\n\t<meta name=\"twitter:data1\" content=\"Jacqueline Eisenbraun\" \/>\n\t<meta name=\"twitter:label2\" content=\"Gesch\u00e4tzte Lesezeit\" \/>\n\t<meta name=\"twitter:data2\" content=\"12\u00a0Minuten\" \/>\n<script type=\"application\/ld+json\" class=\"yoast-schema-graph\">{\"@context\":\"https:\/\/schema.org\",\"@graph\":[{\"@type\":[\"Article\",\"BlogPosting\"],\"@id\":\"https:\/\/www.freelancermap.de\/blog\/die-neue-selbstandigkeit#article\",\"isPartOf\":{\"@id\":\"https:\/\/www.freelancermap.de\/blog\/die-neue-selbstandigkeit\/\"},\"author\":{\"name\":\"Jacqueline Eisenbraun\",\"@id\":\"https:\/\/www.freelancermap.de\/blog\/#\/schema\/person\/204762b337e983a25aa188c66b64355c\"},\"headline\":\"Die &#8222;Neue Selbst\u00e4ndigkeit&#8220;: Mehr Rechtssicherheit oder neue Belastung f\u00fcr Freelancer?\",\"datePublished\":\"2026-04-20T08:08:46+00:00\",\"dateModified\":\"2026-04-20T09:59:46+00:00\",\"mainEntityOfPage\":{\"@id\":\"https:\/\/www.freelancermap.de\/blog\/die-neue-selbstandigkeit\/\"},\"wordCount\":2471,\"image\":{\"@id\":\"https:\/\/www.freelancermap.de\/blog\/die-neue-selbstandigkeit#primaryimage\"},\"thumbnailUrl\":\"https:\/\/img-cdn.freelancermap.de\/blog\/dach\/neue-selbststaendigkeit.png\",\"keywords\":[\"Rechtliches\",\"Trends f\u00fcr Freelancer\"],\"articleSection\":[\"News\"],\"inLanguage\":\"de\"},{\"@type\":\"WebPage\",\"@id\":\"https:\/\/www.freelancermap.de\/blog\/die-neue-selbstandigkeit\/\",\"url\":\"https:\/\/www.freelancermap.de\/blog\/die-neue-selbstandigkeit\",\"name\":\"Was die \\\"Neue Selbstst\u00e4ndigkeit\\\" wirklich bedeutet\",\"isPartOf\":{\"@id\":\"https:\/\/www.freelancermap.de\/blog\/#website\"},\"primaryImageOfPage\":{\"@id\":\"https:\/\/www.freelancermap.de\/blog\/die-neue-selbstandigkeit#primaryimage\"},\"image\":{\"@id\":\"https:\/\/www.freelancermap.de\/blog\/die-neue-selbstandigkeit#primaryimage\"},\"thumbnailUrl\":\"https:\/\/img-cdn.freelancermap.de\/blog\/dach\/neue-selbststaendigkeit.png\",\"datePublished\":\"2026-04-20T08:08:46+00:00\",\"dateModified\":\"2026-04-20T09:59:46+00:00\",\"author\":{\"@id\":\"https:\/\/www.freelancermap.de\/blog\/#\/schema\/person\/204762b337e983a25aa188c66b64355c\"},\"description\":\"Die \\\"Neue Selbstst\u00e4ndigkeit\\\" soll kommen und die Zusammenarbeit mit Unternehmen rechtssicherer machen. Aber zu welchem Preis?\",\"breadcrumb\":{\"@id\":\"https:\/\/www.freelancermap.de\/blog\/die-neue-selbstandigkeit#breadcrumb\"},\"inLanguage\":\"de\",\"potentialAction\":[{\"@type\":\"ReadAction\",\"target\":[\"https:\/\/www.freelancermap.de\/blog\/die-neue-selbstandigkeit\"]}]},{\"@type\":\"ImageObject\",\"inLanguage\":\"de\",\"@id\":\"https:\/\/www.freelancermap.de\/blog\/die-neue-selbstandigkeit#primaryimage\",\"url\":\"https:\/\/img-cdn.freelancermap.de\/blog\/dach\/neue-selbststaendigkeit.png\",\"contentUrl\":\"https:\/\/img-cdn.freelancermap.de\/blog\/dach\/neue-selbststaendigkeit.png\",\"width\":\"1100\",\"height\":\"480\"},{\"@type\":\"BreadcrumbList\",\"@id\":\"https:\/\/www.freelancermap.de\/blog\/die-neue-selbstandigkeit#breadcrumb\",\"itemListElement\":[{\"@type\":\"ListItem\",\"position\":1,\"name\":\"Home\",\"item\":\"https:\/\/www.freelancermap.at\/blog\/\"},{\"@type\":\"ListItem\",\"position\":2,\"name\":\"Die &#8222;Neue Selbst\u00e4ndigkeit&#8220;: Mehr Rechtssicherheit oder neue Belastung f\u00fcr Freelancer?\"}]},{\"@type\":\"WebSite\",\"@id\":\"https:\/\/www.freelancermap.de\/blog\/#website\",\"url\":\"https:\/\/www.freelancermap.de\/blog\/\",\"name\":\"Freelancer Blog\",\"description\":\"Trends, Ratgeber &amp; Fakten f\u00fcr Freelancer und Auftraggeber\",\"potentialAction\":[{\"@type\":\"SearchAction\",\"target\":{\"@type\":\"EntryPoint\",\"urlTemplate\":\"https:\/\/www.freelancermap.de\/blog\/?s={search_term_string}\"},\"query-input\":{\"@type\":\"PropertyValueSpecification\",\"valueRequired\":true,\"valueName\":\"search_term_string\"}}],\"inLanguage\":\"de\"},{\"@type\":\"Person\",\"@id\":\"https:\/\/www.freelancermap.de\/blog\/#\/schema\/person\/204762b337e983a25aa188c66b64355c\",\"name\":\"Jacqueline Eisenbraun\",\"description\":\"Jacqueline Eisenbraun ist studierte Online-Redakteurin mit mehrj\u00e4hriger Erfahrung in der digitalen Content-Erstellung und tiefem Fokus auf Themen rund ums Freelancing. Mit Blick f\u00fcr relevante Trends, klare Kommunikation und nachhaltige Content-Strategien unterst\u00fctzt sie insbesondere Unternehmen und Selbstst\u00e4ndige dabei, online sichtbar zu werden und eine Stimme zu erhalten. Berufliche Stationen in Agentur, Startup und Forschungskommunikation haben ihren Blick f\u00fcr unterschiedliche Zielgruppen gesch\u00e4rft und ihr Verst\u00e4ndnis f\u00fcr moderne Kommunikation gepr\u00e4gt.\",\"sameAs\":[\"linkedin.com\/in\/jacqueline-eisenbraun-449b03290\/\"],\"url\":\"https:\/\/www.freelancermap.ch\/blog\/author\/jacqueline-eisenbraun\/\"}]}<\/script>\n<!-- \/ Yoast SEO plugin. -->","yoast_head_json":{"title":"Was die \"Neue Selbstst\u00e4ndigkeit\" wirklich bedeutet","description":"Die \"Neue Selbstst\u00e4ndigkeit\" soll kommen und die Zusammenarbeit mit Unternehmen rechtssicherer machen. Aber zu welchem Preis?","robots":{"index":"index","follow":"follow","max-snippet":"max-snippet:-1","max-image-preview":"max-image-preview:large","max-video-preview":"max-video-preview:-1"},"canonical":"https:\/\/www.freelancermap.de\/blog\/die-neue-selbstandigkeit","og_locale":"de_DE","og_type":"article","og_title":"Was die \"Neue Selbstst\u00e4ndigkeit\" wirklich bedeutet","og_description":"Die \"Neue Selbstst\u00e4ndigkeit\" soll kommen und die Zusammenarbeit mit Unternehmen rechtssicherer machen. Aber zu welchem Preis?","og_url":"https:\/\/www.freelancermap.de\/blog\/die-neue-selbstandigkeit","og_site_name":"Freelancer Blog","article_published_time":"2026-04-20T08:08:46+00:00","article_modified_time":"2026-04-20T09:59:46+00:00","og_image":[{"width":1100,"height":480,"url":"https:\/\/img-cdn.freelancermap.de\/blog\/dach\/neue-selbststaendigkeit.png","type":"image\/png"}],"author":"Jacqueline Eisenbraun","twitter_card":"summary_large_image","twitter_misc":{"Verfasst von":"Jacqueline Eisenbraun","Gesch\u00e4tzte Lesezeit":"12\u00a0Minuten"},"schema":{"@context":"https:\/\/schema.org","@graph":[{"@type":["Article","BlogPosting"],"@id":"https:\/\/www.freelancermap.de\/blog\/die-neue-selbstandigkeit#article","isPartOf":{"@id":"https:\/\/www.freelancermap.de\/blog\/die-neue-selbstandigkeit\/"},"author":{"name":"Jacqueline Eisenbraun","@id":"https:\/\/www.freelancermap.de\/blog\/#\/schema\/person\/204762b337e983a25aa188c66b64355c"},"headline":"Die &#8222;Neue Selbst\u00e4ndigkeit&#8220;: Mehr Rechtssicherheit oder neue Belastung f\u00fcr Freelancer?","datePublished":"2026-04-20T08:08:46+00:00","dateModified":"2026-04-20T09:59:46+00:00","mainEntityOfPage":{"@id":"https:\/\/www.freelancermap.de\/blog\/die-neue-selbstandigkeit\/"},"wordCount":2471,"image":{"@id":"https:\/\/www.freelancermap.de\/blog\/die-neue-selbstandigkeit#primaryimage"},"thumbnailUrl":"https:\/\/img-cdn.freelancermap.de\/blog\/dach\/neue-selbststaendigkeit.png","keywords":["Rechtliches","Trends f\u00fcr Freelancer"],"articleSection":["News"],"inLanguage":"de"},{"@type":"WebPage","@id":"https:\/\/www.freelancermap.de\/blog\/die-neue-selbstandigkeit\/","url":"https:\/\/www.freelancermap.de\/blog\/die-neue-selbstandigkeit","name":"Was die \"Neue Selbstst\u00e4ndigkeit\" wirklich bedeutet","isPartOf":{"@id":"https:\/\/www.freelancermap.de\/blog\/#website"},"primaryImageOfPage":{"@id":"https:\/\/www.freelancermap.de\/blog\/die-neue-selbstandigkeit#primaryimage"},"image":{"@id":"https:\/\/www.freelancermap.de\/blog\/die-neue-selbstandigkeit#primaryimage"},"thumbnailUrl":"https:\/\/img-cdn.freelancermap.de\/blog\/dach\/neue-selbststaendigkeit.png","datePublished":"2026-04-20T08:08:46+00:00","dateModified":"2026-04-20T09:59:46+00:00","author":{"@id":"https:\/\/www.freelancermap.de\/blog\/#\/schema\/person\/204762b337e983a25aa188c66b64355c"},"description":"Die \"Neue Selbstst\u00e4ndigkeit\" soll kommen und die Zusammenarbeit mit Unternehmen rechtssicherer machen. Aber zu welchem Preis?","breadcrumb":{"@id":"https:\/\/www.freelancermap.de\/blog\/die-neue-selbstandigkeit#breadcrumb"},"inLanguage":"de","potentialAction":[{"@type":"ReadAction","target":["https:\/\/www.freelancermap.de\/blog\/die-neue-selbstandigkeit"]}]},{"@type":"ImageObject","inLanguage":"de","@id":"https:\/\/www.freelancermap.de\/blog\/die-neue-selbstandigkeit#primaryimage","url":"https:\/\/img-cdn.freelancermap.de\/blog\/dach\/neue-selbststaendigkeit.png","contentUrl":"https:\/\/img-cdn.freelancermap.de\/blog\/dach\/neue-selbststaendigkeit.png","width":"1100","height":"480"},{"@type":"BreadcrumbList","@id":"https:\/\/www.freelancermap.de\/blog\/die-neue-selbstandigkeit#breadcrumb","itemListElement":[{"@type":"ListItem","position":1,"name":"Home","item":"https:\/\/www.freelancermap.at\/blog\/"},{"@type":"ListItem","position":2,"name":"Die &#8222;Neue Selbst\u00e4ndigkeit&#8220;: Mehr Rechtssicherheit oder neue Belastung f\u00fcr Freelancer?"}]},{"@type":"WebSite","@id":"https:\/\/www.freelancermap.de\/blog\/#website","url":"https:\/\/www.freelancermap.de\/blog\/","name":"Freelancer Blog","description":"Trends, Ratgeber &amp; Fakten f\u00fcr Freelancer und Auftraggeber","potentialAction":[{"@type":"SearchAction","target":{"@type":"EntryPoint","urlTemplate":"https:\/\/www.freelancermap.de\/blog\/?s={search_term_string}"},"query-input":{"@type":"PropertyValueSpecification","valueRequired":true,"valueName":"search_term_string"}}],"inLanguage":"de"},{"@type":"Person","@id":"https:\/\/www.freelancermap.de\/blog\/#\/schema\/person\/204762b337e983a25aa188c66b64355c","name":"Jacqueline Eisenbraun","description":"Jacqueline Eisenbraun ist studierte Online-Redakteurin mit mehrj\u00e4hriger Erfahrung in der digitalen Content-Erstellung und tiefem Fokus auf Themen rund ums Freelancing. Mit Blick f\u00fcr relevante Trends, klare Kommunikation und nachhaltige Content-Strategien unterst\u00fctzt sie insbesondere Unternehmen und Selbstst\u00e4ndige dabei, online sichtbar zu werden und eine Stimme zu erhalten. Berufliche Stationen in Agentur, Startup und Forschungskommunikation haben ihren Blick f\u00fcr unterschiedliche Zielgruppen gesch\u00e4rft und ihr Verst\u00e4ndnis f\u00fcr moderne Kommunikation gepr\u00e4gt.","sameAs":["linkedin.com\/in\/jacqueline-eisenbraun-449b03290\/"],"url":"https:\/\/www.freelancermap.ch\/blog\/author\/jacqueline-eisenbraun\/"}]}},"taxonomy_info":{"category":[{"value":30,"label":"News"}],"post_tag":[{"value":6,"label":"Rechtliches"},{"value":22,"label":"Trends f\u00fcr Freelancer"}]},"featured_image_src_large":["https:\/\/img-cdn.freelancermap.de\/blog\/dach\/neue-selbststaendigkeit.png",640,279,false],"author_info":{"display_name":"Jacqueline Eisenbraun","author_link":"https:\/\/www.freelancermap.ch\/blog\/author\/jacqueline-eisenbraun\/"},"comment_info":0,"category_info":[{"term_id":30,"name":"News","slug":"news","term_group":0,"term_taxonomy_id":30,"taxonomy":"category","description":"","parent":0,"count":19,"filter":"raw","cat_ID":30,"category_count":19,"category_description":"","cat_name":"News","category_nicename":"news","category_parent":0}],"tag_info":[{"term_id":6,"name":"Rechtliches","slug":"rechtliches","term_group":0,"term_taxonomy_id":6,"taxonomy":"post_tag","description":"","parent":0,"count":60,"filter":"raw"},{"term_id":22,"name":"Trends f\u00fcr Freelancer","slug":"trends","term_group":0,"term_taxonomy_id":22,"taxonomy":"post_tag","description":"","parent":0,"count":23,"filter":"raw"}],"_links":{"self":[{"href":"https:\/\/www.freelancermap.ch\/blog\/wp-json\/wp\/v2\/posts\/71016","targetHints":{"allow":["GET"]}}],"collection":[{"href":"https:\/\/www.freelancermap.ch\/blog\/wp-json\/wp\/v2\/posts"}],"about":[{"href":"https:\/\/www.freelancermap.ch\/blog\/wp-json\/wp\/v2\/types\/post"}],"author":[{"embeddable":true,"href":"https:\/\/www.freelancermap.ch\/blog\/wp-json\/wp\/v2\/users\/72"}],"replies":[{"embeddable":true,"href":"https:\/\/www.freelancermap.ch\/blog\/wp-json\/wp\/v2\/comments?post=71016"}],"version-history":[{"count":33,"href":"https:\/\/www.freelancermap.ch\/blog\/wp-json\/wp\/v2\/posts\/71016\/revisions"}],"predecessor-version":[{"id":71116,"href":"https:\/\/www.freelancermap.ch\/blog\/wp-json\/wp\/v2\/posts\/71016\/revisions\/71116"}],"wp:featuredmedia":[{"embeddable":true,"href":"https:\/\/www.freelancermap.ch\/blog\/wp-json\/wp\/v2\/media\/71088"}],"wp:attachment":[{"href":"https:\/\/www.freelancermap.ch\/blog\/wp-json\/wp\/v2\/media?parent=71016"}],"wp:term":[{"taxonomy":"category","embeddable":true,"href":"https:\/\/www.freelancermap.ch\/blog\/wp-json\/wp\/v2\/categories?post=71016"},{"taxonomy":"post_tag","embeddable":true,"href":"https:\/\/www.freelancermap.ch\/blog\/wp-json\/wp\/v2\/tags?post=71016"}],"curies":[{"name":"wp","href":"https:\/\/api.w.org\/{rel}","templated":true}]}}