{"id":53850,"date":"2024-08-31T11:05:53","date_gmt":"2024-08-31T09:05:53","guid":{"rendered":"https:\/\/www.freelancermap.de\/blog\/?p=53850"},"modified":"2025-08-05T15:49:12","modified_gmt":"2025-08-05T13:49:12","slug":"generation-z","status":"publish","type":"post","link":"https:\/\/www.freelancermap.ch\/blog\/generation-z\/","title":{"rendered":"Generation Z: Definition und Merkmale"},"content":{"rendered":"\n<p>Die Generation Z, oft einfach als &#8222;Gen Z&#8220; bezeichnet, ist die Nachfolge-Generation der Generation Y und der Vorg\u00e4nger der Generation Alpha. Was diese Generation ausmacht, was sie von anderen Generationen unterscheidet und welche Werte und Eigenschaften man der Gen Z nachsagt, kl\u00e4ren wir in diesem Artikel.<\/p>\n\n\n\n<!--more-->\n\n\n\n<h2 class=\"wp-block-heading\">Was ist die Generation Z? Eine Definition<\/h2>\n\n\n\n<p>Die Generation Z umfasst diejenigen, die etwa zwischen <a href=\"https:\/\/www.arbeitswissenschaft.net\/angebote-produkte\/zahlendatenfakten\/generation-z\">1995 und 2010<\/a> geboren wurden. Diese Altersgruppe ist die erste, die vom fr\u00fchesten Kindesalter an mit dem Internet und mobilen Technologien aufgewachsen ist. Daher wird sie oft als &#8222;Digital Natives&#8220; bezeichnet. F\u00fcr die Gen Z sind Smartphones, soziale Medien und st\u00e4ndige Online-Pr\u00e4senz selbstverst\u00e4ndlich. Dies beeinflusst nicht nur ihre Kommunikation, sondern auch ihre Ansichten zu Themen wie Privatsph\u00e4re, Authentizit\u00e4t und globalen Entwicklungen.<\/p>\n\n\n\n<h2 class=\"wp-block-heading\">Unterschiede zwischen der Generation Y und Z<\/h2>\n\n\n\n<style>\n    .fl-button-69eea9d4890ae:hover {\n        background-color: #222222 !important;\n        color: #fcf2db !important;\n    }\n<\/style>\n\n<div class=\"block-cta sm lh-base rounded-4 d-flex flex-column align-items-start\" style=\"background-color: #b1c3b7;color:#222222\">\n\n    <h4 class=\"fw-semibold\">Mehr Umsatz?<\/h4>\n    <p class=\"text-start\">Mit den Daten der gr\u00f6\u00dften Freelancing-Plattform im DACH-Raum zu mehr Durchblick in der Preisgestaltung.<\/p>\n    <div class=\"d-inline-block\">\n        <a href=\"\/registrieren?ref=blog-53850\" class=\"fl-button fl-button-69eea9d4890ae d-inline-block\" style=\"background-color: #fcf2db;color:#222222\">Jetzt kostenlos registrieren<\/a>\n    <\/div>\n<\/div>\n\n\n<p>Die Generation Y, auch bekannt als Millennials, umfasst die Jahrg\u00e4nge zwischen 1980 und 1995. Obwohl die Millennials die Digitalisierung erlebten, sind sie nicht so tief in die digitale Welt eingebunden wie die Gen Z. Millennials erinnern sich noch an eine Welt vor dem Internet und haben eine andere Beziehung zur Technologie.<\/p>\n\n\n\n<p>Im Gegensatz dazu kennt die Generation Z keine Welt ohne Smartphones, soziale Netzwerke und sofortige Kommunikation. Das hat ihre Denkweise, ihre Arbeitsweise und ihre Konsumgewohnheiten tiefgreifend gepr\u00e4gt. Zu den markantesten Unterschieden zwischen den beiden Generationen geh\u00f6ren:<\/p>\n\n\n\n<div class=\"wp-block-columns is-layout-flex wp-container-core-columns-is-layout-9d6595d7 wp-block-columns-is-layout-flex\">\n<div class=\"wp-block-column is-layout-flow wp-block-column-is-layout-flow\" style=\"flex-basis:33.33%\">\n<p><strong>Kommunikation<\/strong><\/p>\n<\/div>\n\n\n\n<div class=\"wp-block-column is-layout-flow wp-block-column-is-layout-flow\" style=\"flex-basis:66.66%\">\n<p>Millennials bevorzugen E-Mail und Messaging-Dienste, w\u00e4hrend Gen Z f\u00fcr die Echtzeitkommunikation in sozialen Medien und Kurznachrichtendiensten wie Snapchat oder TikTok bekannt ist.<\/p>\n<\/div>\n<\/div>\n\n\n\n<div class=\"wp-block-columns is-layout-flex wp-container-core-columns-is-layout-9d6595d7 wp-block-columns-is-layout-flex\">\n<div class=\"wp-block-column is-layout-flow wp-block-column-is-layout-flow\" style=\"flex-basis:33.33%\">\n<p><strong>Berufliche Erwartungen<\/strong><\/p>\n<\/div>\n\n\n\n<div class=\"wp-block-column is-layout-flow wp-block-column-is-layout-flow\" style=\"flex-basis:66.66%\">\n<p>W\u00e4hrend Millennials nach Sinnhaftigkeit in ihrer Arbeit streben, legt die Gen Z Wert auf <a href=\"\/blog\/pillar\/finanzen\/\">finanzielle<\/a> Sicherheit und flexible Arbeitsmodelle.<\/p>\n<\/div>\n<\/div>\n\n\n\n<div class=\"wp-block-columns is-layout-flex wp-container-core-columns-is-layout-9d6595d7 wp-block-columns-is-layout-flex\">\n<div class=\"wp-block-column is-layout-flow wp-block-column-is-layout-flow\" style=\"flex-basis:33.33%\">\n<p><strong>Konsumverhalten<\/strong><\/p>\n<\/div>\n\n\n\n<div class=\"wp-block-column is-layout-flow wp-block-column-is-layout-flow\" style=\"flex-basis:66.66%\">\n<p>Die Generation Y tendiert dazu, markentreu zu sein, w\u00e4hrend die Gen Z Wert auf Authentizit\u00e4t legt und weniger an Markenbindung interessiert ist.<\/p>\n<\/div>\n<\/div>\n\n\n\n<h2 class=\"wp-block-heading\">Welche Generation kommt nach Z?<\/h2>\n\n\n\n<p>Auf die Gen Z folgt die sogenannte Generation Alpha. Diese umfasst die Kinder, die ab 2010 geboren wurden. Generation Alpha w\u00e4chst in einer Welt auf, die noch st\u00e4rker digitalisiert ist als die ihrer Vorg\u00e4nger. Es wird erwartet, dass diese Generation die technologische Revolution weiter vorantreiben und in einer noch st\u00e4rker vernetzten und automatisierten Welt leben wird.<\/p>\n\n\n\n<h2 class=\"wp-block-heading\">Was pr\u00e4gt die Generation Z?<\/h2>\n\n\n\n<p>Die j\u00fcngste Arbeitnehmer-Generation ist in vielerlei Hinsicht einzigartig. Ihre Werte und Einstellungen sind stark von der digitalen Welt gepr\u00e4gt, in der sie aufgewachsen sind. Sie sind nicht nur st\u00e4ndig online, sondern auch sehr bewusst in Bezug auf die Inhalte, die sie konsumieren und teilen. Authentizit\u00e4t und Transparenz sind f\u00fcr sie entscheidend, sowohl im pers\u00f6nlichen als auch im beruflichen Leben.<\/p>\n\n\n\n<h3 class=\"wp-block-heading\">Diese Werte sind der Gen Z wichtig<\/h3>\n\n\n\n<p>W\u00e4hrend fr\u00fchere Generationen stark auf Individualit\u00e4t setzten, zeigt die Generation Z eine bemerkenswerte R\u00fcckkehr zu Gemeinschaft und kollektiver Identit\u00e4t. Dies spiegelt sich in ihrer Nutzung von sozialen Medien wider, wo sie nicht nur pers\u00f6nliche Inhalte teilen, sondern auch aktiv an globalen Diskussionen teilnehmen. Sie sch\u00e4tzen Transparenz und Authentizit\u00e4t und sind weniger tolerant gegen\u00fcber Marken, die diese Werte nicht verk\u00f6rpern. <\/p>\n\n\n\n<p>F\u00fcr die Generation Z spielen soziale Gerechtigkeit, Umweltschutz und Gleichberechtigung eine zentrale Rolle. Sie sind sehr aktiv, wenn es darum geht, ihre Meinung zu \u00e4u\u00dfern und f\u00fcr Ver\u00e4nderungen einzutreten. Diese Generation ist auch die erste, die Diversit\u00e4t und Inklusion von klein auf als selbstverst\u00e4ndlich erachtet.<\/p>\n\n\n\n<h3 class=\"wp-block-heading\">Positive und negative Eigenschaften der Generation Z<\/h3>\n\n\n\n<p>Die Generation Z wird oft f\u00fcr ihre Multitasking-F\u00e4higkeiten und ihr technisches Know-how gelobt. Sie sind schnell darin, neue Technologien zu adaptieren und nutzen digitale Plattformen, um ihre Botschaften zu verbreiten. Gleichzeitig wird ihnen jedoch nachgesagt, eine k\u00fcrzere Aufmerksamkeitsspanne zu haben und sich st\u00e4rker auf kurzfristige Ziele zu konzentrieren. Job-Hopping steht bei vielen Arbeitnehmern dieser Generation an der Tagesordnung.<\/p>\n\n\n\n<h3 class=\"wp-block-heading\">Ein unzertrennliches Duo: Technologie und die Gen Z<\/h3>\n\n\n\n<p>Die technologische Affinit\u00e4t der Generation Z ist unbestreitbar. Sie sind die ersten echten &#8222;Digital Natives&#8220;, die mit Smartphones, sozialen Medien und st\u00e4ndiger Vernetzung aufgewachsen sind. F\u00fcr sie ist Technologie nicht nur ein Werkzeug, sondern ein integraler Bestandteil ihres t\u00e4glichen Lebens. Diese enge Beziehung zur Technologie hat dazu gef\u00fchrt, dass die Gen Z eine hohe Erwartung an die digitale Verf\u00fcgbarkeit von Informationen, Produkten und Dienstleistungen hat.<\/p>\n\n\n\n<h2 class=\"wp-block-heading\">Was macht die Generation Z besonders?<\/h2>\n\n\n\n<div class=\"wp-block-columns is-layout-flex wp-container-core-columns-is-layout-9d6595d7 wp-block-columns-is-layout-flex\">\n<div class=\"wp-block-column is-layout-flow wp-block-column-is-layout-flow\" style=\"flex-basis:33.33%\">\n<p><strong>Multitasking-Genies<\/strong><\/p>\n<\/div>\n\n\n\n<div class=\"wp-block-column is-layout-flow wp-block-column-is-layout-flow\" style=\"flex-basis:66.66%\">\n<p>Die Generation Z ist bekannt daf\u00fcr, mehrere Aufgaben gleichzeitig zu bew\u00e4ltigen. Sie k\u00f6nnen problemlos zwischen verschiedenen digitalen Plattformen wechseln, ohne an Effizienz zu verlieren.<\/p>\n<\/div>\n<\/div>\n\n\n\n<div class=\"wp-block-columns is-layout-flex wp-container-core-columns-is-layout-9d6595d7 wp-block-columns-is-layout-flex\">\n<div class=\"wp-block-column is-layout-flow wp-block-column-is-layout-flow\" style=\"flex-basis:33.33%\">\n<p><strong>Globale Denker<\/strong><\/p>\n<\/div>\n\n\n\n<div class=\"wp-block-column is-layout-flow wp-block-column-is-layout-flow\" style=\"flex-basis:66.66%\">\n<p>Dank des Internets hat die Gen Z eine globale Perspektive. Sie sind sich der globalen Herausforderungen wie Klimawandel und soziale Ungleichheit sehr bewusst und engagieren sich aktiv f\u00fcr deren L\u00f6sung.<\/p>\n<\/div>\n<\/div>\n\n\n\n<div class=\"wp-block-columns is-layout-flex wp-container-core-columns-is-layout-9d6595d7 wp-block-columns-is-layout-flex\">\n<div class=\"wp-block-column is-layout-flow wp-block-column-is-layout-flow\" style=\"flex-basis:33.33%\">\n<p><strong>Pragmatische Idealisten<\/strong><\/p>\n<\/div>\n\n\n\n<div class=\"wp-block-column is-layout-flow wp-block-column-is-layout-flow\" style=\"flex-basis:66.66%\">\n<p>Obwohl sie idealistische Ziele haben, geht die Gen Z pragmatisch an ihre Verwirklichung heran. Sie sind bereit, hart zu arbeiten, um finanzielle Sicherheit zu erreichen, und suchen nach stabilen, aber sinnvollen Karrieren.<\/p>\n<\/div>\n<\/div>\n\n\n\n<h2 class=\"wp-block-heading\">Fazit<\/h2>\n\n\n\n<p>Die Gen Z ist eine vielseitige und technologisch versierte Generation, die die Welt auf ihre Weise pr\u00e4gt. Ihr tiefes Verst\u00e4ndnis f\u00fcr Technologie, gepaart mit ihrem Engagement f\u00fcr soziale Gerechtigkeit und Umweltfragen, macht sie zu einer treibenden Kraft in der heutigen Gesellschaft. <\/p>\n\n\n\n<p>Die Unterschiede zur Generation Y sind deutlich, insbesondere in Bezug auf ihre Erwartungen an das Berufsleben und ihre Beziehung zur Technologie. W\u00e4hrend die Generation Z weiterhin die Welt pr\u00e4gt, ist es wichtig, ihre Werte und Einstellungen zu verstehen, um ihre Zukunft besser gestalten zu k\u00f6nnen.\u00a0<\/p>\n","protected":false},"excerpt":{"rendered":"<p>In diesem Beitrag kl\u00e4ren wir, wodurch sich die Generation Z auszeichnet, welche Werte sie vertritt und welche positiven sowie negativen Eigenschaften die Gen Z ausmacht.<\/p>\n","protected":false},"author":40,"featured_media":0,"comment_status":"closed","ping_status":"closed","sticky":false,"template":"","format":"standard","meta":{"_acf_changed":false,"kampagne":"","om_disable_all_campaigns":false,"_kad_blocks_custom_css":"","_kad_blocks_head_custom_js":"","_kad_blocks_body_custom_js":"","_kad_blocks_footer_custom_js":"","footnotes":""},"categories":[38],"tags":[],"class_list":["post-53850","post","type-post","status-publish","format-standard","hentry","category-lexikon"],"acf":[],"yoast_head":"<!-- This site is optimized with the Yoast SEO plugin v26.7 - https:\/\/yoast.com\/wordpress\/plugins\/seo\/ -->\n<title>Generation Z: Definition und Merkmale<\/title>\n<meta name=\"description\" content=\"Wodurch zeichnet sich die Generation Z eigentlich aus? Sie sind zwischen 1995 und 2010 geboren und haben eigene Ansichten von der Welt. ...\" \/>\n<meta name=\"robots\" content=\"index, follow, max-snippet:-1, max-image-preview:large, max-video-preview:-1\" \/>\n<link rel=\"canonical\" href=\"https:\/\/www.freelancermap.de\/blog\/generation-z\/\" \/>\n<meta property=\"og:locale\" content=\"de_DE\" \/>\n<meta property=\"og:type\" content=\"article\" \/>\n<meta property=\"og:title\" content=\"Generation Z: Definition und Merkmale\" \/>\n<meta property=\"og:description\" content=\"Wodurch zeichnet sich die Generation Z eigentlich aus? Sie sind zwischen 1995 und 2010 geboren und haben eigene Ansichten von der Welt. ...\" \/>\n<meta property=\"og:url\" content=\"https:\/\/www.freelancermap.de\/blog\/generation-z\/\" \/>\n<meta property=\"og:site_name\" content=\"Freelancer Blog\" \/>\n<meta property=\"article:published_time\" content=\"2024-08-31T09:05:53+00:00\" \/>\n<meta property=\"article:modified_time\" content=\"2025-08-05T13:49:12+00:00\" \/>\n<meta name=\"author\" content=\"Karoline Grimm\" \/>\n<meta name=\"twitter:card\" content=\"summary_large_image\" \/>\n<meta name=\"twitter:label1\" content=\"Verfasst von\" \/>\n\t<meta name=\"twitter:data1\" content=\"Karoline Grimm\" \/>\n\t<meta name=\"twitter:label2\" content=\"Gesch\u00e4tzte Lesezeit\" \/>\n\t<meta name=\"twitter:data2\" content=\"5\u00a0Minuten\" \/>\n<script type=\"application\/ld+json\" class=\"yoast-schema-graph\">{\"@context\":\"https:\/\/schema.org\",\"@graph\":[{\"@type\":[\"Article\",\"BlogPosting\"],\"@id\":\"https:\/\/www.freelancermap.de\/blog\/generation-z\/#article\",\"isPartOf\":{\"@id\":\"https:\/\/www.freelancermap.de\/blog\/generation-z\/\"},\"author\":{\"name\":\"Karoline Grimm\",\"@id\":\"https:\/\/www.freelancermap.de\/blog\/#\/schema\/person\/483f6d1392431c9d15f4943dcc9500bc\"},\"headline\":\"Generation Z: Definition und Merkmale\",\"datePublished\":\"2024-08-31T09:05:53+00:00\",\"dateModified\":\"2025-08-05T13:49:12+00:00\",\"mainEntityOfPage\":{\"@id\":\"https:\/\/www.freelancermap.de\/blog\/generation-z\/\"},\"wordCount\":910,\"articleSection\":[\"Lexikon\"],\"inLanguage\":\"de\"},{\"@type\":\"WebPage\",\"@id\":\"https:\/\/www.freelancermap.de\/blog\/generation-z\/\",\"url\":\"https:\/\/www.freelancermap.de\/blog\/generation-z\/\",\"name\":\"Generation Z: Definition und Merkmale\",\"isPartOf\":{\"@id\":\"https:\/\/www.freelancermap.de\/blog\/#website\"},\"datePublished\":\"2024-08-31T09:05:53+00:00\",\"dateModified\":\"2025-08-05T13:49:12+00:00\",\"author\":{\"@id\":\"https:\/\/www.freelancermap.de\/blog\/#\/schema\/person\/483f6d1392431c9d15f4943dcc9500bc\"},\"description\":\"Wodurch zeichnet sich die Generation Z eigentlich aus? Sie sind zwischen 1995 und 2010 geboren und haben eigene Ansichten von der Welt. ...\",\"breadcrumb\":{\"@id\":\"https:\/\/www.freelancermap.de\/blog\/generation-z\/#breadcrumb\"},\"inLanguage\":\"de\",\"potentialAction\":[{\"@type\":\"ReadAction\",\"target\":[\"https:\/\/www.freelancermap.de\/blog\/generation-z\/\"]}]},{\"@type\":\"BreadcrumbList\",\"@id\":\"https:\/\/www.freelancermap.de\/blog\/generation-z\/#breadcrumb\",\"itemListElement\":[{\"@type\":\"ListItem\",\"position\":1,\"name\":\"Home\",\"item\":\"https:\/\/www.freelancermap.at\/blog\/\"},{\"@type\":\"ListItem\",\"position\":2,\"name\":\"Generation Z: Definition und Merkmale\"}]},{\"@type\":\"WebSite\",\"@id\":\"https:\/\/www.freelancermap.de\/blog\/#website\",\"url\":\"https:\/\/www.freelancermap.de\/blog\/\",\"name\":\"Freelancer Blog\",\"description\":\"Trends, Ratgeber &amp; Fakten f\u00fcr Freelancer und Auftraggeber\",\"potentialAction\":[{\"@type\":\"SearchAction\",\"target\":{\"@type\":\"EntryPoint\",\"urlTemplate\":\"https:\/\/www.freelancermap.de\/blog\/?s={search_term_string}\"},\"query-input\":{\"@type\":\"PropertyValueSpecification\",\"valueRequired\":true,\"valueName\":\"search_term_string\"}}],\"inLanguage\":\"de\"},{\"@type\":\"Person\",\"@id\":\"https:\/\/www.freelancermap.de\/blog\/#\/schema\/person\/483f6d1392431c9d15f4943dcc9500bc\",\"name\":\"Karoline Grimm\",\"description\":\"Karoline Grimm ist leidenschaftliche Bloggerin, SEO &amp; Social-Media-Expertin, die genau wei\u00df, was gerade im Trend ist. Neben ihrer Begeisterung f\u00fcr Online-Marketing engagiert sie sich f\u00fcr Tierschutz und eine nachhaltige Lebensweise. Mit ihrer positiven Art und ihrem Blick f\u00fcr starke Kommunikation ist sie ein wichtiger Teil des freelancermap Marketing-Teams. Ihr besonderer Fokus liegt auf Themen rund um das Freelancing. Ob im Blog oder in der PR: sie setzt sich daf\u00fcr ein, Selbstst\u00e4ndige sichtbar zu machen und ihnen eine starke Stimme zu geben.\",\"sameAs\":[\"https:\/\/www.linkedin.com\/in\/karoline-grimm-pr-und-marketing\/\"],\"url\":\"https:\/\/www.freelancermap.ch\/blog\/author\/karoline-grimm\/\"}]}<\/script>\n<!-- \/ Yoast SEO plugin. -->","yoast_head_json":{"title":"Generation Z: Definition und Merkmale","description":"Wodurch zeichnet sich die Generation Z eigentlich aus? Sie sind zwischen 1995 und 2010 geboren und haben eigene Ansichten von der Welt. ...","robots":{"index":"index","follow":"follow","max-snippet":"max-snippet:-1","max-image-preview":"max-image-preview:large","max-video-preview":"max-video-preview:-1"},"canonical":"https:\/\/www.freelancermap.de\/blog\/generation-z\/","og_locale":"de_DE","og_type":"article","og_title":"Generation Z: Definition und Merkmale","og_description":"Wodurch zeichnet sich die Generation Z eigentlich aus? Sie sind zwischen 1995 und 2010 geboren und haben eigene Ansichten von der Welt. ...","og_url":"https:\/\/www.freelancermap.de\/blog\/generation-z\/","og_site_name":"Freelancer Blog","article_published_time":"2024-08-31T09:05:53+00:00","article_modified_time":"2025-08-05T13:49:12+00:00","author":"Karoline Grimm","twitter_card":"summary_large_image","twitter_misc":{"Verfasst von":"Karoline Grimm","Gesch\u00e4tzte Lesezeit":"5\u00a0Minuten"},"schema":{"@context":"https:\/\/schema.org","@graph":[{"@type":["Article","BlogPosting"],"@id":"https:\/\/www.freelancermap.de\/blog\/generation-z\/#article","isPartOf":{"@id":"https:\/\/www.freelancermap.de\/blog\/generation-z\/"},"author":{"name":"Karoline Grimm","@id":"https:\/\/www.freelancermap.de\/blog\/#\/schema\/person\/483f6d1392431c9d15f4943dcc9500bc"},"headline":"Generation Z: Definition und Merkmale","datePublished":"2024-08-31T09:05:53+00:00","dateModified":"2025-08-05T13:49:12+00:00","mainEntityOfPage":{"@id":"https:\/\/www.freelancermap.de\/blog\/generation-z\/"},"wordCount":910,"articleSection":["Lexikon"],"inLanguage":"de"},{"@type":"WebPage","@id":"https:\/\/www.freelancermap.de\/blog\/generation-z\/","url":"https:\/\/www.freelancermap.de\/blog\/generation-z\/","name":"Generation Z: Definition und Merkmale","isPartOf":{"@id":"https:\/\/www.freelancermap.de\/blog\/#website"},"datePublished":"2024-08-31T09:05:53+00:00","dateModified":"2025-08-05T13:49:12+00:00","author":{"@id":"https:\/\/www.freelancermap.de\/blog\/#\/schema\/person\/483f6d1392431c9d15f4943dcc9500bc"},"description":"Wodurch zeichnet sich die Generation Z eigentlich aus? Sie sind zwischen 1995 und 2010 geboren und haben eigene Ansichten von der Welt. ...","breadcrumb":{"@id":"https:\/\/www.freelancermap.de\/blog\/generation-z\/#breadcrumb"},"inLanguage":"de","potentialAction":[{"@type":"ReadAction","target":["https:\/\/www.freelancermap.de\/blog\/generation-z\/"]}]},{"@type":"BreadcrumbList","@id":"https:\/\/www.freelancermap.de\/blog\/generation-z\/#breadcrumb","itemListElement":[{"@type":"ListItem","position":1,"name":"Home","item":"https:\/\/www.freelancermap.at\/blog\/"},{"@type":"ListItem","position":2,"name":"Generation Z: Definition und Merkmale"}]},{"@type":"WebSite","@id":"https:\/\/www.freelancermap.de\/blog\/#website","url":"https:\/\/www.freelancermap.de\/blog\/","name":"Freelancer Blog","description":"Trends, Ratgeber &amp; Fakten f\u00fcr Freelancer und Auftraggeber","potentialAction":[{"@type":"SearchAction","target":{"@type":"EntryPoint","urlTemplate":"https:\/\/www.freelancermap.de\/blog\/?s={search_term_string}"},"query-input":{"@type":"PropertyValueSpecification","valueRequired":true,"valueName":"search_term_string"}}],"inLanguage":"de"},{"@type":"Person","@id":"https:\/\/www.freelancermap.de\/blog\/#\/schema\/person\/483f6d1392431c9d15f4943dcc9500bc","name":"Karoline Grimm","description":"Karoline Grimm ist leidenschaftliche Bloggerin, SEO &amp; Social-Media-Expertin, die genau wei\u00df, was gerade im Trend ist. Neben ihrer Begeisterung f\u00fcr Online-Marketing engagiert sie sich f\u00fcr Tierschutz und eine nachhaltige Lebensweise. Mit ihrer positiven Art und ihrem Blick f\u00fcr starke Kommunikation ist sie ein wichtiger Teil des freelancermap Marketing-Teams. Ihr besonderer Fokus liegt auf Themen rund um das Freelancing. Ob im Blog oder in der PR: sie setzt sich daf\u00fcr ein, Selbstst\u00e4ndige sichtbar zu machen und ihnen eine starke Stimme zu geben.","sameAs":["https:\/\/www.linkedin.com\/in\/karoline-grimm-pr-und-marketing\/"],"url":"https:\/\/www.freelancermap.ch\/blog\/author\/karoline-grimm\/"}]}},"taxonomy_info":{"category":[{"value":38,"label":"Lexikon"}]},"featured_image_src_large":false,"author_info":{"display_name":"Karoline Grimm","author_link":"https:\/\/www.freelancermap.ch\/blog\/author\/karoline-grimm\/"},"comment_info":0,"category_info":[{"term_id":38,"name":"Lexikon","slug":"lexikon","term_group":0,"term_taxonomy_id":38,"taxonomy":"category","description":"","parent":0,"count":277,"filter":"raw","cat_ID":38,"category_count":277,"category_description":"","cat_name":"Lexikon","category_nicename":"lexikon","category_parent":0}],"tag_info":false,"_links":{"self":[{"href":"https:\/\/www.freelancermap.ch\/blog\/wp-json\/wp\/v2\/posts\/53850","targetHints":{"allow":["GET"]}}],"collection":[{"href":"https:\/\/www.freelancermap.ch\/blog\/wp-json\/wp\/v2\/posts"}],"about":[{"href":"https:\/\/www.freelancermap.ch\/blog\/wp-json\/wp\/v2\/types\/post"}],"author":[{"embeddable":true,"href":"https:\/\/www.freelancermap.ch\/blog\/wp-json\/wp\/v2\/users\/40"}],"replies":[{"embeddable":true,"href":"https:\/\/www.freelancermap.ch\/blog\/wp-json\/wp\/v2\/comments?post=53850"}],"version-history":[{"count":4,"href":"https:\/\/www.freelancermap.ch\/blog\/wp-json\/wp\/v2\/posts\/53850\/revisions"}],"predecessor-version":[{"id":58316,"href":"https:\/\/www.freelancermap.ch\/blog\/wp-json\/wp\/v2\/posts\/53850\/revisions\/58316"}],"wp:attachment":[{"href":"https:\/\/www.freelancermap.ch\/blog\/wp-json\/wp\/v2\/media?parent=53850"}],"wp:term":[{"taxonomy":"category","embeddable":true,"href":"https:\/\/www.freelancermap.ch\/blog\/wp-json\/wp\/v2\/categories?post=53850"},{"taxonomy":"post_tag","embeddable":true,"href":"https:\/\/www.freelancermap.ch\/blog\/wp-json\/wp\/v2\/tags?post=53850"}],"curies":[{"name":"wp","href":"https:\/\/api.w.org\/{rel}","templated":true}]}}