{"id":39224,"date":"2024-09-09T10:23:38","date_gmt":"2024-09-09T08:23:38","guid":{"rendered":"https:\/\/www.freelancermap.de\/blog\/?p=39224"},"modified":"2025-08-05T15:42:48","modified_gmt":"2025-08-05T13:42:48","slug":"was-macht-ein-personalreferent","status":"publish","type":"post","link":"https:\/\/www.freelancermap.ch\/blog\/was-macht-ein-personalreferent\/","title":{"rendered":"Was macht ein Personalreferent?"},"content":{"rendered":"\n<p>Ein Personalreferent bzw. eine Personalreferentin ist fu\u0308r s\u00e4mtliche operativen und funktionalen Bereiche des Personalmanagements in einem Unternehmen zust\u00e4ndig. Ein Personalreferent ben\u00f6tigt einen fundierten Blick sowohl fu\u0308r die Bed\u00fcrfnisse des Personals als auch fu\u0308r die der Teams und Abteilungen sowie fu\u0308r deren Bedu\u0308rfnisse haben. Die Herausforderung des Personalreferenten liegt darin, diese mit den Forderungen und Bedu\u0308rfnissen des Unternehmens und dessen Zielen in Einklang zu bringen.<\/p>\n\n\n\n<!--more-->\n\n\n\n<h2 class=\"wp-block-heading\">Berufsbild <\/h2>\n\n\n\n<p>Ein Personalreferent ist im Gro\u00dfen und Ganzen daf\u00fcr zust\u00e4ndig, dass <strong>das Personal eines Unternehmens richtig eingesetzt und neues Personal fu\u0308r das Unternehmen gefunden<\/strong> wird. Er \u00fcbernimmt Aufgaben in verschiedensten Bereichen des Personalmanagements, zum Beispiel im Personalmarketing, der Personaleinsatzplanung oder der Personalentwicklung. Sein Ziel ist es, optimale Arbeitsbedingungen im Unternehmen zu schaffen, um <strong>bestm\u00f6gliche Arbeitsleistungen<\/strong> zu garantieren.<\/p>\n\n\n\n<figure data-wp-context=\"{&quot;imageId&quot;:&quot;69eec13342b89&quot;}\" data-wp-interactive=\"core\/image\" data-wp-key=\"69eec13342b89\" class=\"wp-block-image size-full wp-lightbox-container\"><img decoding=\"async\" width=\"1600\" height=\"1415\" data-wp-class--hide=\"state.isContentHidden\" data-wp-class--show=\"state.isContentVisible\" data-wp-init=\"callbacks.setButtonStyles\" data-wp-on--click=\"actions.showLightbox\" data-wp-on--load=\"callbacks.setButtonStyles\" data-wp-on-window--resize=\"callbacks.setButtonStyles\" src=\"https:\/\/img-cdn.freelancermap.de\/blog\/dach\/personalreferent-berufsbild-karriere-gehalt-stundensatz-skills-anforderungen-1.png\" alt=\"Personalreferent Gehalt, Berufsbild, Karriere\" class=\"wp-image-54227\"\/><button\n\t\t\tclass=\"lightbox-trigger\"\n\t\t\ttype=\"button\"\n\t\t\taria-haspopup=\"dialog\"\n\t\t\taria-label=\"Vergr\u00f6\u00dfern\"\n\t\t\tdata-wp-init=\"callbacks.initTriggerButton\"\n\t\t\tdata-wp-on--click=\"actions.showLightbox\"\n\t\t\tdata-wp-style--right=\"state.imageButtonRight\"\n\t\t\tdata-wp-style--top=\"state.imageButtonTop\"\n\t\t>\n\t\t\t<svg xmlns=\"http:\/\/www.w3.org\/2000\/svg\" width=\"12\" height=\"12\" fill=\"none\" viewBox=\"0 0 12 12\">\n\t\t\t\t<path fill=\"#fff\" d=\"M2 0a2 2 0 0 0-2 2v2h1.5V2a.5.5 0 0 1 .5-.5h2V0H2Zm2 10.5H2a.5.5 0 0 1-.5-.5V8H0v2a2 2 0 0 0 2 2h2v-1.5ZM8 12v-1.5h2a.5.5 0 0 0 .5-.5V8H12v2a2 2 0 0 1-2 2H8Zm2-12a2 2 0 0 1 2 2v2h-1.5V2a.5.5 0 0 0-.5-.5H8V0h2Z\" \/>\n\t\t\t<\/svg>\n\t\t<\/button><figcaption class=\"wp-element-caption\">Berufsbild eines Personalreferenten<\/figcaption><\/figure>\n\n\n\n<h2 class=\"wp-block-heading\">Personalreferent Aufgaben<\/h2>\n\n\n\n<style>\n    .fl-button-69eec1334457c:hover {\n        background-color: #222222 !important;\n        color: #fcf2db !important;\n    }\n<\/style>\n\n<div class=\"block-cta sm lh-base rounded-4 d-flex flex-column align-items-start\" style=\"background-color: #b1c3b7;color:#222222\">\n\n    <h4 class=\"fw-semibold\">Mehr Umsatz?<\/h4>\n    <p class=\"text-start\">Mit den Daten der gr\u00f6\u00dften Freelancing-Plattform im DACH-Raum zu mehr Durchblick bei der Preisgestaltung.<\/p>\n    <div class=\"d-inline-block\">\n        <a href=\"\/registrieren?ref=blog-39224\" class=\"fl-button fl-button-69eec1334457c d-inline-block\" style=\"background-color: #fcf2db;color:#222222\">Jetzt kostenlos registrieren<\/a>\n    <\/div>\n<\/div>\n\n\n<p>Personalreferenten sind sowohl f\u00fcr die strategische <strong>Planung<\/strong> des Personals als auch f\u00fcr dessen <strong>Beschaffung<\/strong>, <strong>Einsatzplanung<\/strong>, <strong>Arbeitsplatzvoraussetzungen<\/strong> und <strong>Weiterentwicklung<\/strong> zust\u00e4ndig. So geh\u00f6rt die Schaffung von ergonomisch optimierten Arbeitspl\u00e4tzen fu\u0308r das Personal genauso zu seinen Aufgaben wie die <strong>Abstimmung mit verschiedenen Bereichs- und Teamleitenden<\/strong> oder der <strong>Gesch\u00e4ftsleitung<\/strong>, um den Personalbedarf zu analysieren und entsprechende Ma\u00dfnahmen vorzunehmen.<\/p>\n\n\n\n<figure data-wp-context=\"{&quot;imageId&quot;:&quot;69eec133447fb&quot;}\" data-wp-interactive=\"core\/image\" data-wp-key=\"69eec133447fb\" class=\"wp-block-image size-full wp-lightbox-container\"><img decoding=\"async\" width=\"1600\" height=\"819\" data-wp-class--hide=\"state.isContentHidden\" data-wp-class--show=\"state.isContentVisible\" data-wp-init=\"callbacks.setButtonStyles\" data-wp-on--click=\"actions.showLightbox\" data-wp-on--load=\"callbacks.setButtonStyles\" data-wp-on-window--resize=\"callbacks.setButtonStyles\" src=\"https:\/\/img-cdn.freelancermap.de\/blog\/dach\/personalreferent-aufgaben-1.png\" alt=\"Aufgabenbereiche des Personalreferenten\" class=\"wp-image-54228\"\/><button\n\t\t\tclass=\"lightbox-trigger\"\n\t\t\ttype=\"button\"\n\t\t\taria-haspopup=\"dialog\"\n\t\t\taria-label=\"Vergr\u00f6\u00dfern\"\n\t\t\tdata-wp-init=\"callbacks.initTriggerButton\"\n\t\t\tdata-wp-on--click=\"actions.showLightbox\"\n\t\t\tdata-wp-style--right=\"state.imageButtonRight\"\n\t\t\tdata-wp-style--top=\"state.imageButtonTop\"\n\t\t>\n\t\t\t<svg xmlns=\"http:\/\/www.w3.org\/2000\/svg\" width=\"12\" height=\"12\" fill=\"none\" viewBox=\"0 0 12 12\">\n\t\t\t\t<path fill=\"#fff\" d=\"M2 0a2 2 0 0 0-2 2v2h1.5V2a.5.5 0 0 1 .5-.5h2V0H2Zm2 10.5H2a.5.5 0 0 1-.5-.5V8H0v2a2 2 0 0 0 2 2h2v-1.5ZM8 12v-1.5h2a.5.5 0 0 0 .5-.5V8H12v2a2 2 0 0 1-2 2H8Zm2-12a2 2 0 0 1 2 2v2h-1.5V2a.5.5 0 0 0-.5-.5H8V0h2Z\" \/>\n\t\t\t<\/svg>\n\t\t<\/button><figcaption class=\"wp-element-caption\">Aufgabenbereich des Personalreferenten<\/figcaption><\/figure>\n\n\n\n<p>Daneben ist ein Gro\u00dfteil dieses Jobs durch Personalverwaltungsaufgaben, Personalentwicklung, Schulungen und Personalmarketing gepr\u00e4gt.<\/p>\n\n\n\n<p><strong>Welche Aufgaben hat ein Personalreferent?<\/strong><\/p>\n\n\n\n<ul class=\"wp-block-list\">\n<li>Personalplanung<\/li>\n\n\n\n<li>Personalverwaltung<\/li>\n\n\n\n<li>Personalentwicklung<\/li>\n\n\n\n<li>Personalmarketing<\/li>\n<\/ul>\n\n\n\n<div style=\"height:30px\" aria-hidden=\"true\" class=\"wp-block-spacer\"><\/div>\n\n\n\n<p><a href=\"\/freelancer-verzeichnis\/personalreferent-5532\">Unterst\u00fctzung geuscht? Jetzt passenden Personalreferenten auf freelancermap finden<\/a>.<\/p>\n\n\n\n<h2 class=\"wp-block-heading\">Hard und Soft Skills<\/h2>\n\n\n\n<p>Der Personalreferent (bzw. die Personalreferentin) ist ein <strong>Allrounder<\/strong> in puncto aller denkbaren <strong>Personal- und Human Resource (HR)-Aufgaben<\/strong>. Als Personalreferent <strong>kommuniziert<\/strong> man in der Regel an die Abteilungsleitung Personal und an die Gesch\u00e4ftsf\u00fchrung, inwieweit auf strategischer Ebene Bedarfe bestehen und wie erfolgreich die eigene Arbeit ist. In diesem Job gilt es, die \u00dcbersicht zu behalten, ein <strong>fachliches Personal-Know-how<\/strong> zu haben und <strong>Empathie<\/strong> f\u00fcr die <strong>HR-Bed\u00fcrfnisse<\/strong> des Unternehmens sowie der Mitarbeiter.<\/p>\n\n\n\n<figure data-wp-context=\"{&quot;imageId&quot;:&quot;69eec13344ff0&quot;}\" data-wp-interactive=\"core\/image\" data-wp-key=\"69eec13344ff0\" class=\"wp-block-image size-full wp-lightbox-container\"><img decoding=\"async\" width=\"1600\" height=\"819\" data-wp-class--hide=\"state.isContentHidden\" data-wp-class--show=\"state.isContentVisible\" data-wp-init=\"callbacks.setButtonStyles\" data-wp-on--click=\"actions.showLightbox\" data-wp-on--load=\"callbacks.setButtonStyles\" data-wp-on-window--resize=\"callbacks.setButtonStyles\" src=\"https:\/\/img-cdn.freelancermap.de\/blog\/dach\/hard-skills-und-soft-skills-personalreferent.png\" alt=\"Diese Skills sollte ein Personalreferent mitbringen\" class=\"wp-image-54229\"\/><button\n\t\t\tclass=\"lightbox-trigger\"\n\t\t\ttype=\"button\"\n\t\t\taria-haspopup=\"dialog\"\n\t\t\taria-label=\"Vergr\u00f6\u00dfern\"\n\t\t\tdata-wp-init=\"callbacks.initTriggerButton\"\n\t\t\tdata-wp-on--click=\"actions.showLightbox\"\n\t\t\tdata-wp-style--right=\"state.imageButtonRight\"\n\t\t\tdata-wp-style--top=\"state.imageButtonTop\"\n\t\t>\n\t\t\t<svg xmlns=\"http:\/\/www.w3.org\/2000\/svg\" width=\"12\" height=\"12\" fill=\"none\" viewBox=\"0 0 12 12\">\n\t\t\t\t<path fill=\"#fff\" d=\"M2 0a2 2 0 0 0-2 2v2h1.5V2a.5.5 0 0 1 .5-.5h2V0H2Zm2 10.5H2a.5.5 0 0 1-.5-.5V8H0v2a2 2 0 0 0 2 2h2v-1.5ZM8 12v-1.5h2a.5.5 0 0 0 .5-.5V8H12v2a2 2 0 0 1-2 2H8Zm2-12a2 2 0 0 1 2 2v2h-1.5V2a.5.5 0 0 0-.5-.5H8V0h2Z\" \/>\n\t\t\t<\/svg>\n\t\t<\/button><figcaption class=\"wp-element-caption\">Hard Skills und Soft Skills eines Personalreferenten<\/figcaption><\/figure>\n\n\n\n<p><strong>Was muss ein Personalreferent k\u00f6nnen?<\/strong><\/p>\n\n\n\n<ul class=\"wp-block-list\">\n<li>Personalmanagement<\/li>\n\n\n\n<li>Wirtschaftliches Know-how<\/li>\n\n\n\n<li>Kommunikationsf\u00e4higkeit<\/li>\n\n\n\n<li>Empathie<\/li>\n<\/ul>\n\n\n\n<div style=\"height:30px\" aria-hidden=\"true\" class=\"wp-block-spacer\"><\/div>\n\n\n\n<p><a href=\"\/projektboerse\/manager-6053\">Spannendes Projekt als Personalreferent gesucht? Jetzt auf freelancermap passenden Auftraggeber finden.<\/a><\/p>\n\n\n\n<h2 class=\"wp-block-heading\">Voraussetzungen<\/h2>\n\n\n\n<p>Personalreferenten k\u00f6nnen entweder \u00fcber <strong>Berufsausbildungen<\/strong> in Unternehmen, \u00fcber <strong>duale Ausbildungen<\/strong> von Unternehmen mit Berufsakademien und Hochschulen ausgebildet werden. Diese Bildungswege werden von den Industrie- und Handelskammern mit anerkannten Berufsabschl\u00fcssen abgenommen. Daneben k\u00f6nnen entsprechende Spezialisierungen auch in <strong>Wirtschaft-affinen Studieng\u00e4ngen<\/strong> gew\u00e4hlt werden.<\/p>\n\n\n\n<figure class=\"wp-block-image size-full\"><img decoding=\"async\" width=\"1600\" height=\"597\" src=\"https:\/\/img-cdn.freelancermap.de\/blog\/dach\/personalreferent-voraussetzungen-1.png\" alt=\"Voraussetzungen, die man erf\u00fcllen sollte, um Personalreferent zu werden\" class=\"wp-image-54230\"\/><figcaption class=\"wp-element-caption\">Voraussetzungen, die man erf\u00fcllen sollte, um Personalreferent zu werden<\/figcaption><\/figure>\n\n\n\n<h2 class=\"wp-block-heading\">Spezialisierung<\/h2>\n\n\n\n<p>Als Personalreferent k\u00f6nnen Spezialisierungen vor allem bez\u00fcglich der erw\u00e4hnten funktionalen Bereiche des <strong>Personalmanagements<\/strong> von einzelnen Besch\u00e4ftigten eingenommen werden, wie zum Beispiel als Referent (bzw. Referentin) f\u00fcr die <strong>Personalentwicklung<\/strong> oder das <strong>Personalmarketing<\/strong>, als <strong><a href=\"\/blog\/was-macht-ein-hr-business-partner\/\">HR Business Partner<\/a><\/strong> oder als <a href=\"\/blog\/was-macht-ein-recruiter\/\">Recruiter<\/a>.<\/p>\n\n\n\n<h2 class=\"wp-block-heading\">Weiterbildung<\/h2>\n\n\n\n<p>Die <strong>Berufsausbildungen<\/strong>, die zum Berufsbild f\u00fchren k\u00f6nnen, lassen sich auch <strong>nebenberuflich<\/strong> auf dem<strong> zweiten Bildungsweg <\/strong>absolvieren. Daneben bieten IHKs als auch <strong>Weiter- und Fortbildungsanbieter<\/strong> staatlich anerkannte sowie zertifizierte Kurse und fachliche Weiterbildungen an.<\/p>\n\n\n\n<h2 class=\"wp-block-heading\"><strong>Wie viel verdient ein angestellter Personalreferent?<\/strong><\/h2>\n\n\n\n<p>Das Einstiegsgehalt liegt bei rund 42.000 Euro brutto j\u00e4hrlich, wodurch sich ein monatliches Brutto-Gehalt von 3.500 Euro ergibt. Als etablierter Personalreferent, mit mindestens 3 bis 5 Jahren Berufserfahrung, verdient man rund <strong>50.000 Euro <\/strong>und mehr. Personalreferenten k\u00f6nnen Spitzengeh\u00e4lter bez\u00fcglich ihres Berufsbildes von ca. <strong>60.000 Euro <\/strong>und mehr erzielen.<\/p>\n\n\n\n<figure class=\"wp-block-table\"><table class=\"has-fixed-layout\"><thead><tr><th>Gehaltstyp<\/th><th>J\u00e4hrlicher Betrag<\/th><th>Monatlicher Betrag<\/th><\/tr><\/thead><tbody><tr><td>Einstiegsgehalt<\/td><td>42.000 \u20ac<\/td><td>3.500 \u20ac<\/td><\/tr><tr><td>Durchschnittsgehalt<\/td><td>50.400 \u20ac<\/td><td>4.200 \u20ac<\/td><\/tr><tr><td>Top-Gehalt<\/td><td>60.000 \u20ac<\/td><td>5.000 \u20ac<\/td><\/tr><\/tbody><\/table><\/figure>\n\n\n\n<p>Typische Einflussfaktoren auf das Gehalt eines Personalreferenten sind:<\/p>\n\n\n\n<ul class=\"wp-block-list\">\n<li>Berufserfahrung<\/li>\n\n\n\n<li>Ausbildung, Fort- und Weiterbildung<\/li>\n\n\n\n<li>Unternehmensgr\u00f6\u00dfe<\/li>\n\n\n\n<li>Branche<\/li>\n\n\n\n<li>Standort<\/li>\n\n\n\n<li>Verantwortung (z. B. F\u00fchrungsverantwortung)<\/li>\n<\/ul>\n\n\n\n<figure data-wp-context=\"{&quot;imageId&quot;:&quot;69eec133466cf&quot;}\" data-wp-interactive=\"core\/image\" data-wp-key=\"69eec133466cf\" class=\"wp-block-image size-full wp-lightbox-container\"><img decoding=\"async\" width=\"1600\" height=\"708\" data-wp-class--hide=\"state.isContentHidden\" data-wp-class--show=\"state.isContentVisible\" data-wp-init=\"callbacks.setButtonStyles\" data-wp-on--click=\"actions.showLightbox\" data-wp-on--load=\"callbacks.setButtonStyles\" data-wp-on-window--resize=\"callbacks.setButtonStyles\" src=\"https:\/\/img-cdn.freelancermap.de\/blog\/dach\/gehalt-personalreferent.png\" alt=\"Einkommen angestellter Personalreferent\" class=\"wp-image-54231\"\/><button\n\t\t\tclass=\"lightbox-trigger\"\n\t\t\ttype=\"button\"\n\t\t\taria-haspopup=\"dialog\"\n\t\t\taria-label=\"Vergr\u00f6\u00dfern\"\n\t\t\tdata-wp-init=\"callbacks.initTriggerButton\"\n\t\t\tdata-wp-on--click=\"actions.showLightbox\"\n\t\t\tdata-wp-style--right=\"state.imageButtonRight\"\n\t\t\tdata-wp-style--top=\"state.imageButtonTop\"\n\t\t>\n\t\t\t<svg xmlns=\"http:\/\/www.w3.org\/2000\/svg\" width=\"12\" height=\"12\" fill=\"none\" viewBox=\"0 0 12 12\">\n\t\t\t\t<path fill=\"#fff\" d=\"M2 0a2 2 0 0 0-2 2v2h1.5V2a.5.5 0 0 1 .5-.5h2V0H2Zm2 10.5H2a.5.5 0 0 1-.5-.5V8H0v2a2 2 0 0 0 2 2h2v-1.5ZM8 12v-1.5h2a.5.5 0 0 0 .5-.5V8H12v2a2 2 0 0 1-2 2H8Zm2-12a2 2 0 0 1 2 2v2h-1.5V2a.5.5 0 0 0-.5-.5H8V0h2Z\" \/>\n\t\t\t<\/svg>\n\t\t<\/button><figcaption class=\"wp-element-caption\">Einkommen als angestellter Personalreferent<\/figcaption><\/figure>\n\n\n\n<h2 class=\"wp-block-heading\"><strong>Wie viel verdient ein selbstst\u00e4ndiger Personalreferent?<\/strong><\/h2>\n\n\n\n<p><\/p>\n\n\n\n<!--\n    Use the <style> below to style the box.\n\n    This <style> should ideally be placed inside <head><\/head>.\n      If that is not possible, keep it above the box itself.\n\n    If you use the box inside a container, that already limits the width,\n      set \"width: 100%\" inside #fm-hourly-rate-box.\n      This is necessary, if you like the box to be responsive.\n-->\n<style> \n\n    .fm-rate-box { \n\n        margin: auto; \n\n        width: 45%; \n\n        padding: 24px; \n\n        background: white; \n\n        border-radius: 10px; \n\n        box-shadow: 0 4px 8px rgba(0, 0, 0, 0.3); \n\n        text-align: center; \n\n        line-height: 1.5; \n\n        display: inline-block; \n\n        vertical-align: top; \n\n        margin: 2%; \n\n    } \n\n     \n\n    .fm-rate-box .fm-rate-rate { \n\n        font-size: 50px; \n\n        font-weight: bolder; \n\n    } \n\n  \n\n    .fm-rate-box .fm-rate-explain { \n\n        margin: 0; \n\n    } \n\n     \n\n    .fm-rate-box .currency { \n\n        font-size: 0.5em; \n\n        vertical-align: text-top; \n\n        margin-left: -10px; \n\n    } \n\n.fm-date-container { \n\n        width: 45%; \n\n        margin: auto; \n\n        text-align: left; \n\n        margin-top: 20px; \n\n} \n\n.fm-date { \n\nfont-size: 12px; \n\nmargin-left: 16px; \n\n}\n@media (max-width: 768px) {\n.fm-rate-box {\nwidth: calc(100% - 40px);\ndisplay: block;\nmargin: 10px 20px;\n}\n.fm-date-container {\nwidth: calc(100% - 40px);\nmargin: 20px auto 0 auto;\npadding-left: 20px;\n}\n}\n\n<\/style> \n\n  \n\n<div class=\"fm-rate-box\"> \n\n    <div class=\"fm-rate-rate\"> \n\n        <span id=\"fm-hourly-rate-number\">50<\/span> <span class=\"currency\">\u20ac<\/span> \n\n    <\/div> \n\n    <p class=\"fm-rate-explain\">verlangen <b>Personalreferent<\/b> auf <a href=\"\/freelancer\">freelancermap<\/a> durchschnittlich <b>pro Stunde<\/b>.<\/p> \n\n<\/div> \n<div class=\"fm-rate-box\"> \n\n    <div class=\"fm-rate-rate\"> \n\n        <span id=\"fm-daily-rate-number\">400<\/span> <span class=\"currency\">\u20ac<\/span> \n\n    <\/div> \n\n    <p class=\"fm-rate-explain\">betr\u00e4gt der <b>Tagessatz<\/b> <nobr>hochgerechnet<\/nobr> auf einen <nobr>8-Stunden-Tag.<\/nobr><\/p> \n\n<\/div> \n    <div class=\"fm-date\"> \n\n        Stand: <span id=\"fm-date-date\"><\/span>  \n\n    <\/div>\n\n\n\n<!--\n    This <script> loads the hourly-rate, daily-rate and date from the server when the page is loaded.\n     It must be placed below the box, ideally at the end of the page (e.g. footer).\n     \n    The server will respond with a formatted number, rounded to full euros.\n-->\n<script>\n    (function(){\n        \/\/ change this\n        const searchPhrase = 'Personalreferent';\n\n        \/\/ keep this in sync with the domain you are using\n        const domain = 'www.freelancermap.de';\n\n        \/\/ do not change anything below\n        fetch(`https:\/\/${domain}\/price-index\/webhook?q=${encodeURIComponent(searchPhrase)}`)\n                .then(r => r.json())\n                .then(d => {document.getElementById('fm-hourly-rate-number').innerHTML = d.hourly;\n                            document.getElementById('fm-daily-rate-number').innerHTML = d.hourly*8;\n                            document.getElementById('fm-date-date').innerHTML = (new Date()).toLocaleDateString()\n                            });\n                }())\n<\/script>\n","protected":false},"excerpt":{"rendered":"<p>Ein Personalreferent bzw. eine Personalreferentin ist fu\u0308r s\u00e4mtliche operativen und funktionalen Bereiche des Personalmanagements in einem Unternehmen zust\u00e4ndig. Ein Personalreferent ben\u00f6tigt einen fundierten Blick sowohl fu\u0308r die Bed\u00fcrfnisse des Personals als auch fu\u0308r die der Teams und Abteilungen sowie fu\u0308r deren Bedu\u0308rfnisse haben. Die Herausforderung des Personalreferenten liegt darin, diese mit den Forderungen und Bedu\u0308rfnissen des Unternehmens und dessen Zielen in Einklang zu bringen.<\/p>\n","protected":false},"author":40,"featured_media":54226,"comment_status":"closed","ping_status":"open","sticky":false,"template":"","format":"standard","meta":{"_acf_changed":false,"kampagne":"","om_disable_all_campaigns":false,"_kad_blocks_custom_css":"","_kad_blocks_head_custom_js":"","_kad_blocks_body_custom_js":"","_kad_blocks_footer_custom_js":"","footnotes":""},"categories":[39,38,41],"tags":[36],"class_list":["post-39224","post","type-post","status-publish","format-standard","has-post-thumbnail","hentry","category-berufsbilder-uebersicht","category-lexikon","category-personalwesen-recruiting","tag-karriere"],"acf":[],"yoast_head":"<!-- This site is optimized with the Yoast SEO plugin v26.7 - https:\/\/yoast.com\/wordpress\/plugins\/seo\/ -->\n<title>Was macht ein Personalreferent? | Berufsbild - Karriere - Gehalt<\/title>\n<meta name=\"description\" content=\"Personalreferent: \u2713 Alle Aufgaben &amp; T\u00e4tigkeit \u2713 Hard- &amp; Softskills \u2713 Voraussetzungen \u2713 Gehalt \u2794 Jetzt informieren!\" \/>\n<meta name=\"robots\" content=\"index, follow, max-snippet:-1, max-image-preview:large, max-video-preview:-1\" \/>\n<link rel=\"canonical\" href=\"https:\/\/www.freelancermap.de\/blog\/was-macht-ein-personalreferent\/\" \/>\n<meta property=\"og:locale\" content=\"de_DE\" \/>\n<meta property=\"og:type\" content=\"article\" \/>\n<meta property=\"og:title\" content=\"Was macht ein Personalreferent? | Berufsbild - Karriere - Gehalt\" \/>\n<meta property=\"og:description\" content=\"Personalreferent: \u2713 Alle Aufgaben &amp; T\u00e4tigkeit \u2713 Hard- &amp; Softskills \u2713 Voraussetzungen \u2713 Gehalt \u2794 Jetzt informieren!\" \/>\n<meta property=\"og:url\" content=\"https:\/\/www.freelancermap.de\/blog\/was-macht-ein-personalreferent\/\" \/>\n<meta property=\"og:site_name\" content=\"Freelancer Blog\" \/>\n<meta property=\"article:published_time\" content=\"2024-09-09T08:23:38+00:00\" \/>\n<meta property=\"article:modified_time\" content=\"2025-08-05T13:42:48+00:00\" \/>\n<meta property=\"og:image\" content=\"https:\/\/img-cdn.freelancermap.de\/blog\/dach\/personalreferent-berufsbild-karriere-gehalt-stundensatz-skills-anforderungen.png\" \/>\n\t<meta property=\"og:image:width\" content=\"1040\" \/>\n\t<meta property=\"og:image:height\" content=\"480\" \/>\n\t<meta property=\"og:image:type\" content=\"image\/png\" \/>\n<meta name=\"author\" content=\"Karoline Grimm\" \/>\n<meta name=\"twitter:card\" content=\"summary_large_image\" \/>\n<meta name=\"twitter:label1\" content=\"Verfasst von\" \/>\n\t<meta name=\"twitter:data1\" content=\"Karoline Grimm\" \/>\n\t<meta name=\"twitter:label2\" content=\"Gesch\u00e4tzte Lesezeit\" \/>\n\t<meta name=\"twitter:data2\" content=\"3\u00a0Minuten\" \/>\n<script type=\"application\/ld+json\" class=\"yoast-schema-graph\">{\"@context\":\"https:\/\/schema.org\",\"@graph\":[{\"@type\":[\"Article\",\"BlogPosting\"],\"@id\":\"https:\/\/www.freelancermap.de\/blog\/was-macht-ein-personalreferent\/#article\",\"isPartOf\":{\"@id\":\"https:\/\/www.freelancermap.de\/blog\/was-macht-ein-personalreferent\/\"},\"author\":{\"name\":\"Karoline Grimm\",\"@id\":\"https:\/\/www.freelancermap.de\/blog\/#\/schema\/person\/483f6d1392431c9d15f4943dcc9500bc\"},\"headline\":\"Was macht ein Personalreferent?\",\"datePublished\":\"2024-09-09T08:23:38+00:00\",\"dateModified\":\"2025-08-05T13:42:48+00:00\",\"mainEntityOfPage\":{\"@id\":\"https:\/\/www.freelancermap.de\/blog\/was-macht-ein-personalreferent\/\"},\"wordCount\":581,\"image\":{\"@id\":\"https:\/\/www.freelancermap.de\/blog\/was-macht-ein-personalreferent\/#primaryimage\"},\"thumbnailUrl\":\"https:\/\/img-cdn.freelancermap.de\/blog\/dach\/personalreferent-berufsbild-karriere-gehalt-stundensatz-skills-anforderungen.png\",\"keywords\":[\"Karriere\"],\"articleSection\":[\"Berufsbilder\",\"Lexikon\",\"Personalwesen &amp; Recruiting\"],\"inLanguage\":\"de\"},{\"@type\":\"WebPage\",\"@id\":\"https:\/\/www.freelancermap.de\/blog\/was-macht-ein-personalreferent\/\",\"url\":\"https:\/\/www.freelancermap.de\/blog\/was-macht-ein-personalreferent\/\",\"name\":\"Was macht ein Personalreferent? | Berufsbild - Karriere - Gehalt\",\"isPartOf\":{\"@id\":\"https:\/\/www.freelancermap.de\/blog\/#website\"},\"primaryImageOfPage\":{\"@id\":\"https:\/\/www.freelancermap.de\/blog\/was-macht-ein-personalreferent\/#primaryimage\"},\"image\":{\"@id\":\"https:\/\/www.freelancermap.de\/blog\/was-macht-ein-personalreferent\/#primaryimage\"},\"thumbnailUrl\":\"https:\/\/img-cdn.freelancermap.de\/blog\/dach\/personalreferent-berufsbild-karriere-gehalt-stundensatz-skills-anforderungen.png\",\"datePublished\":\"2024-09-09T08:23:38+00:00\",\"dateModified\":\"2025-08-05T13:42:48+00:00\",\"author\":{\"@id\":\"https:\/\/www.freelancermap.de\/blog\/#\/schema\/person\/483f6d1392431c9d15f4943dcc9500bc\"},\"description\":\"Personalreferent: \u2713 Alle Aufgaben & T\u00e4tigkeit \u2713 Hard- & Softskills \u2713 Voraussetzungen \u2713 Gehalt \u2794 Jetzt informieren!\",\"breadcrumb\":{\"@id\":\"https:\/\/www.freelancermap.de\/blog\/was-macht-ein-personalreferent\/#breadcrumb\"},\"inLanguage\":\"de\",\"potentialAction\":[{\"@type\":\"ReadAction\",\"target\":[\"https:\/\/www.freelancermap.de\/blog\/was-macht-ein-personalreferent\/\"]}]},{\"@type\":\"ImageObject\",\"inLanguage\":\"de\",\"@id\":\"https:\/\/www.freelancermap.de\/blog\/was-macht-ein-personalreferent\/#primaryimage\",\"url\":\"https:\/\/img-cdn.freelancermap.de\/blog\/dach\/personalreferent-berufsbild-karriere-gehalt-stundensatz-skills-anforderungen.png\",\"contentUrl\":\"https:\/\/img-cdn.freelancermap.de\/blog\/dach\/personalreferent-berufsbild-karriere-gehalt-stundensatz-skills-anforderungen.png\",\"width\":1040,\"height\":480,\"caption\":\"Personalreferent Berufsbild Karriere Gehalt\"},{\"@type\":\"BreadcrumbList\",\"@id\":\"https:\/\/www.freelancermap.de\/blog\/was-macht-ein-personalreferent\/#breadcrumb\",\"itemListElement\":[{\"@type\":\"ListItem\",\"position\":1,\"name\":\"Home\",\"item\":\"https:\/\/www.freelancermap.at\/blog\/\"},{\"@type\":\"ListItem\",\"position\":2,\"name\":\"Was macht ein Personalreferent?\"}]},{\"@type\":\"WebSite\",\"@id\":\"https:\/\/www.freelancermap.de\/blog\/#website\",\"url\":\"https:\/\/www.freelancermap.de\/blog\/\",\"name\":\"Freelancer Blog\",\"description\":\"Trends, Ratgeber &amp; Fakten f\u00fcr Freelancer und Auftraggeber\",\"potentialAction\":[{\"@type\":\"SearchAction\",\"target\":{\"@type\":\"EntryPoint\",\"urlTemplate\":\"https:\/\/www.freelancermap.de\/blog\/?s={search_term_string}\"},\"query-input\":{\"@type\":\"PropertyValueSpecification\",\"valueRequired\":true,\"valueName\":\"search_term_string\"}}],\"inLanguage\":\"de\"},{\"@type\":\"Person\",\"@id\":\"https:\/\/www.freelancermap.de\/blog\/#\/schema\/person\/483f6d1392431c9d15f4943dcc9500bc\",\"name\":\"Karoline Grimm\",\"description\":\"Karoline Grimm ist leidenschaftliche Bloggerin, SEO &amp; Social-Media-Expertin, die genau wei\u00df, was gerade im Trend ist. Neben ihrer Begeisterung f\u00fcr Online-Marketing engagiert sie sich f\u00fcr Tierschutz und eine nachhaltige Lebensweise. Mit ihrer positiven Art und ihrem Blick f\u00fcr starke Kommunikation ist sie ein wichtiger Teil des freelancermap Marketing-Teams. Ihr besonderer Fokus liegt auf Themen rund um das Freelancing. Ob im Blog oder in der PR: sie setzt sich daf\u00fcr ein, Selbstst\u00e4ndige sichtbar zu machen und ihnen eine starke Stimme zu geben.\",\"sameAs\":[\"https:\/\/www.linkedin.com\/in\/karoline-grimm-pr-und-marketing\/\"],\"url\":\"https:\/\/www.freelancermap.ch\/blog\/author\/karoline-grimm\/\"}]}<\/script>\n<!-- \/ Yoast SEO plugin. -->","yoast_head_json":{"title":"Was macht ein Personalreferent? | Berufsbild - Karriere - Gehalt","description":"Personalreferent: \u2713 Alle Aufgaben & T\u00e4tigkeit \u2713 Hard- & Softskills \u2713 Voraussetzungen \u2713 Gehalt \u2794 Jetzt informieren!","robots":{"index":"index","follow":"follow","max-snippet":"max-snippet:-1","max-image-preview":"max-image-preview:large","max-video-preview":"max-video-preview:-1"},"canonical":"https:\/\/www.freelancermap.de\/blog\/was-macht-ein-personalreferent\/","og_locale":"de_DE","og_type":"article","og_title":"Was macht ein Personalreferent? | Berufsbild - Karriere - Gehalt","og_description":"Personalreferent: \u2713 Alle Aufgaben & T\u00e4tigkeit \u2713 Hard- & Softskills \u2713 Voraussetzungen \u2713 Gehalt \u2794 Jetzt informieren!","og_url":"https:\/\/www.freelancermap.de\/blog\/was-macht-ein-personalreferent\/","og_site_name":"Freelancer Blog","article_published_time":"2024-09-09T08:23:38+00:00","article_modified_time":"2025-08-05T13:42:48+00:00","og_image":[{"width":1040,"height":480,"url":"https:\/\/img-cdn.freelancermap.de\/blog\/dach\/personalreferent-berufsbild-karriere-gehalt-stundensatz-skills-anforderungen.png","type":"image\/png"}],"author":"Karoline Grimm","twitter_card":"summary_large_image","twitter_misc":{"Verfasst von":"Karoline Grimm","Gesch\u00e4tzte Lesezeit":"3\u00a0Minuten"},"schema":{"@context":"https:\/\/schema.org","@graph":[{"@type":["Article","BlogPosting"],"@id":"https:\/\/www.freelancermap.de\/blog\/was-macht-ein-personalreferent\/#article","isPartOf":{"@id":"https:\/\/www.freelancermap.de\/blog\/was-macht-ein-personalreferent\/"},"author":{"name":"Karoline Grimm","@id":"https:\/\/www.freelancermap.de\/blog\/#\/schema\/person\/483f6d1392431c9d15f4943dcc9500bc"},"headline":"Was macht ein Personalreferent?","datePublished":"2024-09-09T08:23:38+00:00","dateModified":"2025-08-05T13:42:48+00:00","mainEntityOfPage":{"@id":"https:\/\/www.freelancermap.de\/blog\/was-macht-ein-personalreferent\/"},"wordCount":581,"image":{"@id":"https:\/\/www.freelancermap.de\/blog\/was-macht-ein-personalreferent\/#primaryimage"},"thumbnailUrl":"https:\/\/img-cdn.freelancermap.de\/blog\/dach\/personalreferent-berufsbild-karriere-gehalt-stundensatz-skills-anforderungen.png","keywords":["Karriere"],"articleSection":["Berufsbilder","Lexikon","Personalwesen &amp; Recruiting"],"inLanguage":"de"},{"@type":"WebPage","@id":"https:\/\/www.freelancermap.de\/blog\/was-macht-ein-personalreferent\/","url":"https:\/\/www.freelancermap.de\/blog\/was-macht-ein-personalreferent\/","name":"Was macht ein Personalreferent? | Berufsbild - Karriere - Gehalt","isPartOf":{"@id":"https:\/\/www.freelancermap.de\/blog\/#website"},"primaryImageOfPage":{"@id":"https:\/\/www.freelancermap.de\/blog\/was-macht-ein-personalreferent\/#primaryimage"},"image":{"@id":"https:\/\/www.freelancermap.de\/blog\/was-macht-ein-personalreferent\/#primaryimage"},"thumbnailUrl":"https:\/\/img-cdn.freelancermap.de\/blog\/dach\/personalreferent-berufsbild-karriere-gehalt-stundensatz-skills-anforderungen.png","datePublished":"2024-09-09T08:23:38+00:00","dateModified":"2025-08-05T13:42:48+00:00","author":{"@id":"https:\/\/www.freelancermap.de\/blog\/#\/schema\/person\/483f6d1392431c9d15f4943dcc9500bc"},"description":"Personalreferent: \u2713 Alle Aufgaben & T\u00e4tigkeit \u2713 Hard- & Softskills \u2713 Voraussetzungen \u2713 Gehalt \u2794 Jetzt informieren!","breadcrumb":{"@id":"https:\/\/www.freelancermap.de\/blog\/was-macht-ein-personalreferent\/#breadcrumb"},"inLanguage":"de","potentialAction":[{"@type":"ReadAction","target":["https:\/\/www.freelancermap.de\/blog\/was-macht-ein-personalreferent\/"]}]},{"@type":"ImageObject","inLanguage":"de","@id":"https:\/\/www.freelancermap.de\/blog\/was-macht-ein-personalreferent\/#primaryimage","url":"https:\/\/img-cdn.freelancermap.de\/blog\/dach\/personalreferent-berufsbild-karriere-gehalt-stundensatz-skills-anforderungen.png","contentUrl":"https:\/\/img-cdn.freelancermap.de\/blog\/dach\/personalreferent-berufsbild-karriere-gehalt-stundensatz-skills-anforderungen.png","width":1040,"height":480,"caption":"Personalreferent Berufsbild Karriere Gehalt"},{"@type":"BreadcrumbList","@id":"https:\/\/www.freelancermap.de\/blog\/was-macht-ein-personalreferent\/#breadcrumb","itemListElement":[{"@type":"ListItem","position":1,"name":"Home","item":"https:\/\/www.freelancermap.at\/blog\/"},{"@type":"ListItem","position":2,"name":"Was macht ein Personalreferent?"}]},{"@type":"WebSite","@id":"https:\/\/www.freelancermap.de\/blog\/#website","url":"https:\/\/www.freelancermap.de\/blog\/","name":"Freelancer Blog","description":"Trends, Ratgeber &amp; Fakten f\u00fcr Freelancer und Auftraggeber","potentialAction":[{"@type":"SearchAction","target":{"@type":"EntryPoint","urlTemplate":"https:\/\/www.freelancermap.de\/blog\/?s={search_term_string}"},"query-input":{"@type":"PropertyValueSpecification","valueRequired":true,"valueName":"search_term_string"}}],"inLanguage":"de"},{"@type":"Person","@id":"https:\/\/www.freelancermap.de\/blog\/#\/schema\/person\/483f6d1392431c9d15f4943dcc9500bc","name":"Karoline Grimm","description":"Karoline Grimm ist leidenschaftliche Bloggerin, SEO &amp; Social-Media-Expertin, die genau wei\u00df, was gerade im Trend ist. Neben ihrer Begeisterung f\u00fcr Online-Marketing engagiert sie sich f\u00fcr Tierschutz und eine nachhaltige Lebensweise. Mit ihrer positiven Art und ihrem Blick f\u00fcr starke Kommunikation ist sie ein wichtiger Teil des freelancermap Marketing-Teams. Ihr besonderer Fokus liegt auf Themen rund um das Freelancing. Ob im Blog oder in der PR: sie setzt sich daf\u00fcr ein, Selbstst\u00e4ndige sichtbar zu machen und ihnen eine starke Stimme zu geben.","sameAs":["https:\/\/www.linkedin.com\/in\/karoline-grimm-pr-und-marketing\/"],"url":"https:\/\/www.freelancermap.ch\/blog\/author\/karoline-grimm\/"}]}},"taxonomy_info":{"category":[{"value":39,"label":"Berufsbilder"},{"value":38,"label":"Lexikon"},{"value":41,"label":"Personalwesen &amp; Recruiting"}],"post_tag":[{"value":36,"label":"Karriere"}]},"featured_image_src_large":["https:\/\/img-cdn.freelancermap.de\/blog\/dach\/personalreferent-berufsbild-karriere-gehalt-stundensatz-skills-anforderungen.png",640,295,false],"author_info":{"display_name":"Karoline Grimm","author_link":"https:\/\/www.freelancermap.ch\/blog\/author\/karoline-grimm\/"},"comment_info":0,"category_info":[{"term_id":39,"name":"Berufsbilder","slug":"berufsbilder-uebersicht","term_group":0,"term_taxonomy_id":39,"taxonomy":"category","description":"","parent":0,"count":248,"filter":"raw","cat_ID":39,"category_count":248,"category_description":"","cat_name":"Berufsbilder","category_nicename":"berufsbilder-uebersicht","category_parent":0},{"term_id":38,"name":"Lexikon","slug":"lexikon","term_group":0,"term_taxonomy_id":38,"taxonomy":"category","description":"","parent":0,"count":277,"filter":"raw","cat_ID":38,"category_count":277,"category_description":"","cat_name":"Lexikon","category_nicename":"lexikon","category_parent":0},{"term_id":41,"name":"Personalwesen &amp; Recruiting","slug":"personalwesen-recruiting","term_group":0,"term_taxonomy_id":41,"taxonomy":"category","description":"","parent":0,"count":16,"filter":"raw","cat_ID":41,"category_count":16,"category_description":"","cat_name":"Personalwesen &amp; Recruiting","category_nicename":"personalwesen-recruiting","category_parent":0}],"tag_info":[{"term_id":36,"name":"Karriere","slug":"karriere","term_group":0,"term_taxonomy_id":36,"taxonomy":"post_tag","description":"","parent":0,"count":264,"filter":"raw"}],"_links":{"self":[{"href":"https:\/\/www.freelancermap.ch\/blog\/wp-json\/wp\/v2\/posts\/39224","targetHints":{"allow":["GET"]}}],"collection":[{"href":"https:\/\/www.freelancermap.ch\/blog\/wp-json\/wp\/v2\/posts"}],"about":[{"href":"https:\/\/www.freelancermap.ch\/blog\/wp-json\/wp\/v2\/types\/post"}],"author":[{"embeddable":true,"href":"https:\/\/www.freelancermap.ch\/blog\/wp-json\/wp\/v2\/users\/40"}],"replies":[{"embeddable":true,"href":"https:\/\/www.freelancermap.ch\/blog\/wp-json\/wp\/v2\/comments?post=39224"}],"version-history":[{"count":5,"href":"https:\/\/www.freelancermap.ch\/blog\/wp-json\/wp\/v2\/posts\/39224\/revisions"}],"predecessor-version":[{"id":54233,"href":"https:\/\/www.freelancermap.ch\/blog\/wp-json\/wp\/v2\/posts\/39224\/revisions\/54233"}],"wp:featuredmedia":[{"embeddable":true,"href":"https:\/\/www.freelancermap.ch\/blog\/wp-json\/wp\/v2\/media\/54226"}],"wp:attachment":[{"href":"https:\/\/www.freelancermap.ch\/blog\/wp-json\/wp\/v2\/media?parent=39224"}],"wp:term":[{"taxonomy":"category","embeddable":true,"href":"https:\/\/www.freelancermap.ch\/blog\/wp-json\/wp\/v2\/categories?post=39224"},{"taxonomy":"post_tag","embeddable":true,"href":"https:\/\/www.freelancermap.ch\/blog\/wp-json\/wp\/v2\/tags?post=39224"}],"curies":[{"name":"wp","href":"https:\/\/api.w.org\/{rel}","templated":true}]}}